{"id":5,"date":"2010-02-27T17:13:11","date_gmt":"2010-02-27T16:13:11","guid":{"rendered":"http:\/\/laboratoriodeantropologiaaudiovisual.zeus.umh.es\/?p=5"},"modified":"2010-02-27T17:13:11","modified_gmt":"2010-02-27T16:13:11","slug":"cuerpo-y-performance-en-la-antropologia-visual-ponencia-de-elisa-lipkau-henriquez","status":"publish","type":"post","link":"https:\/\/laboratoriodeantropologiaaudiovisual.umh.es\/en\/2010\/02\/27\/cuerpo-y-performance-en-la-antropologia-visual-ponencia-de-elisa-lipkau-henriquez\/","title":{"rendered":"Cuerpo y performance en la antropolog\u00eda visual &#8211; Ponencia de Elisa Lipkau Henr\u00edquez"},"content":{"rendered":"<p><img loading=\"lazy\" class=\"size-medium wp-image-6     aligncenter\" src=\"https:\/\/laboratoriodeantropologiaaudiovisual.umh.es\/files\/2010\/02\/thumb_larevelacin1986.jpg\" alt=\"\" width=\"119\" height=\"175\" \/><br \/>\nPonencias sobre el tema del cuerpo y el rendimiento Dentro de la antropolog\u00eda visual, en el marco de las Terceras Jornadas de Antropolog\u00eda Visual, en 2006. Participaron Elisa Lipkau Henr\u00edquez, Graciela Henr\u00edquez Escobar, Pedro Ovando y Felipe Victoriano.<br \/>\nEl rendimiento de socia.l como m\u00e9todo de aproximaci\u00f3nal an\u00e1lisis de la realidad.<\/p>\n","protected":false},"excerpt":{"rendered":"<p>Ponencias sobre el tema del cuerpo y el rendimiento Dentro de la antropolog\u00eda visual, en el marco de las Terceras Jornadas de Antropolog\u00eda Visual, en 2006. Participaron Elisa Lipkau Henr\u00edquez, Graciela Henr\u00edquez Escobar, Pedro Ovando y Felipe Victoriano.<br \/>\nEl rendimiento de socia.l como m\u00e9todo de aproximaci\u00f3nal an\u00e1lisis de la realidad.<\/p>\n","protected":false},"author":642,"featured_media":0,"comment_status":"closed","ping_status":"open","sticky":false,"template":"","format":"standard","meta":{"_links_to":"","_links_to_target":""},"categories":[92],"tags":[2030],"_links":{"self":[{"href":"https:\/\/laboratoriodeantropologiaaudiovisual.umh.es\/en\/wp-json\/wp\/v2\/posts\/5"}],"collection":[{"href":"https:\/\/laboratoriodeantropologiaaudiovisual.umh.es\/en\/wp-json\/wp\/v2\/posts"}],"about":[{"href":"https:\/\/laboratoriodeantropologiaaudiovisual.umh.es\/en\/wp-json\/wp\/v2\/types\/post"}],"author":[{"embeddable":true,"href":"https:\/\/laboratoriodeantropologiaaudiovisual.umh.es\/en\/wp-json\/wp\/v2\/users\/642"}],"replies":[{"embeddable":true,"href":"https:\/\/laboratoriodeantropologiaaudiovisual.umh.es\/en\/wp-json\/wp\/v2\/comments?post=5"}],"version-history":[{"count":0,"href":"https:\/\/laboratoriodeantropologiaaudiovisual.umh.es\/en\/wp-json\/wp\/v2\/posts\/5\/revisions"}],"wp:attachment":[{"href":"https:\/\/laboratoriodeantropologiaaudiovisual.umh.es\/en\/wp-json\/wp\/v2\/media?parent=5"}],"wp:term":[{"taxonomy":"category","embeddable":true,"href":"https:\/\/laboratoriodeantropologiaaudiovisual.umh.es\/en\/wp-json\/wp\/v2\/categories?post=5"},{"taxonomy":"post_tag","embeddable":true,"href":"https:\/\/laboratoriodeantropologiaaudiovisual.umh.es\/en\/wp-json\/wp\/v2\/tags?post=5"}],"curies":[{"name":"wp","href":"https:\/\/api.w.org\/{rel}","templated":true}]}}