{"id":182,"date":"2010-11-05T00:18:46","date_gmt":"2010-11-04T22:18:46","guid":{"rendered":"http:\/\/laboratoriodeantropologiaaudiovisual.zeus.umh.es\/?p=180"},"modified":"2010-11-05T00:18:46","modified_gmt":"2010-11-04T22:18:46","slug":"vi-simposio-internacional-critica-de-arte-en-un-mundo-global-alter-modernidad-y-espacio-global","status":"publish","type":"post","link":"https:\/\/laboratoriodeantropologiaaudiovisual.umh.es\/en\/2010\/11\/05\/vi-simposio-internacional-critica-de-arte-en-un-mundo-global-alter-modernidad-y-espacio-global\/","title":{"rendered":"VI Simposio Internacional Cr\u00edtica de Arte en un Mundo Global. Alter modernidad y espacio global"},"content":{"rendered":"<p><strong>Organiza: ACCA, Associaci\u00f3 Catalana de Cr\u00edtics d\u2019Art<br \/>\n<\/strong>D\u00edas: 12, 13 y 14 de noviembre de 2010<br \/>\nSesiones: viernes tarde, s\u00e1bado (ma\u00f1ana y tarde) y domingo ma\u00f1ana<br \/>\nLugar: Auditori del Macba<\/p>\n<p>La descolonizaci\u00f3n y la entrada en el espacio global han modificado los lenguajes supervivientes de la modernidad, proveyendo de nuevas fuentes de identidad y energ\u00eda para crear alternativas al Estado-naci\u00f3n y a las territorialidades definidas, que ahora se desdibujan.<\/p>\n<p>En este nuevo marco &#8220;desterritorializado&#8221; de la imaginaci\u00f3n, la creaci\u00f3n art\u00edstica tiene mucho que decir, tanto desde las artes visuales como desde el cine, terrenos ambos en los que trabajan muchos artistas contempor\u00e1neos que basculan entre modernidad y globalizaci\u00f3n, en el contexto de una cultura &#8220;altermoderna&#8221; donde confluyen la mediaci\u00f3n electr\u00f3nica y los flujos migratorios.<\/p>\n<p>Asimismo se abordar\u00e1n los intersticios que se abren en los campos de la documentaci\u00f3n y el arte, en los que lo narrativo y discursivo de la documentaci\u00f3n se funde con lo est\u00e9tico-formal del arte. Se abren distintos di\u00e1logos entre cr\u00edticos y artistas con la presentaci\u00f3n de trabajos recientes que permitan comunicar la experiencia de cada artista.<\/p>\n<p>Homenaje a Jos\u00e9 Lu\u00eds Brea (1957-2010). El simposio dedica un espacio de reflexi\u00f3n en torno al legado intelectual y cr\u00edtico de este l\u00facido pensador, autor de numerosas publicaciones sobre arte contempor\u00e1neo y estudios visuales y fundador de la revista on-line SalonKritik, referente del pensamiento cr\u00edtico visual actual. En 2005, Jos\u00e9 Lu\u00eds Brea particip\u00f3 en el primer simposio ACCA.<\/p>\n<p><strong>JORNADAS SOBRE CR\u00cdTICA DE ARTE 2010<\/strong><\/p>\n<p><strong>PROGRAMA<\/strong><\/p>\n<p><strong><!--more-->VIERNES, 12 DE NOVIEMBRE. Sesi\u00f3n especial. Homenaje a Jos\u00e9 Lu\u00eds Brea.<\/strong><\/p>\n<p><strong>16:00 h \u2013 16:30 h Presentaci\u00f3n y apertura del simposio<\/strong><\/p>\n<p>Presentaci\u00f3n y apertura del simposio a cargo de Joan M. Minguet Batllori, Presidente de ACCA, Pilar Parcerisas, expresidenta de ACCA, Anna Maria Guasch y Menene Gras Balaguer, curadoras del proyecto.<\/p>\n<p><strong>16:30 h \u2013 17:30 h Jos\u00e9 Lu\u00eds Brea. El arte y la estetizaci\u00f3n difusa de la existencia<br \/>\n<\/strong>Presentaci\u00f3n: Pilar Parcerisas<\/p>\n<p>Juan Mart\u00edn Prada. Es profesor titular de la Universidad de C\u00e1diz. Autor de La apropiaci\u00f3n posmoderna. Arte, pr\u00e1ctica apropiacionista y Teor\u00eda de la posmodernidad (Ed. Fundamentos, 2001).<\/p>\n<p>17:30 h \u2013 18:00 h Pausa<\/p>\n<p><strong>18:00 h &#8211; 19:00 h Los trazos de la visi\u00f3n: consideraciones \u2013afectivas- sobre la obra de Jos\u00e9 Luis Brea<br \/>\n<\/strong>Presentaci\u00f3n: Pilar Parcerisas<\/p>\n<p>Miguel \u00c1ngel Hern\u00e1ndez Navarro. Profesor de Historia del Arte en la Universidad de Murcia, escritor, cr\u00edtico de arte y curador. Ha sido director y co-fundador del CENDEAC (Centro de Documentaci\u00f3n y Estudios Avanzados de Arte Contempor\u00e1neo) de Murcia.<\/p>\n<p><strong>19.00 h \u2013 20.30 h Jos\u00e9 Lu\u00eds Brea, curador de los 90<br \/>\n<\/strong>Mesa redonda en torno a Jos\u00e9 Luis Brea. Con la participaci\u00f3n de los artistas Pep Agut, Juan Lu\u00eds Moraza y los cr\u00edticos Miguel \u00c1ngel Hern\u00e1ndez Navarro, Juan Mart\u00edn Prada.<\/p>\n<p>Pep Agut. A partir de la fotograf\u00eda y la pintura, su obra aborda los problemas de la representaci\u00f3n, el papel del artista y el lugar del arte. Ha expuesto en la XLV Bienal de Venecia (1993), Prospekt (1996), la XI Bienal de Sidney (1998), entre otros.<\/p>\n<p>Juan Lu\u00eds Moraza. Profesor titular del Departamento de Escultura de la Facultad de Bellas Artes de la Universidad de Vigo. Entre sus exposiciones m\u00e1s recientes destacan &#8220;IMPLEJIDADES&#8221; (Centro Cultural Montehermoso, Vitoria), &#8220;Repercusiones&#8221; (Trayecto, Vitoria, 2007).<\/p>\n<p>S\u00c1BADO, 13 DE NOVIEMBRE<\/p>\n<p><strong>10:30 h &#8211; 12:00h &#8220;Promenades Mus\u00e9ales&#8221;: cine, museo y la proyecci\u00f3n de la intimidad p\u00fablica<\/strong><br \/>\nPresentaci\u00f3n: Anna Maria Guasch<\/p>\n<p>Giuliana Bruno. Profesora de Estudios Visuales y Medioambientales, Harvard University. Ha publicado Atlas of Emotion: Journeys in Art, Architecture, and Film (Verso, 2002. Premio Kraszna-Krausz en 2004) y Public Intimacy: Architecture and the Visual Arts (MIT Press, 2007), entre otros.<\/p>\n<p>12:00 h \u2013 12:30 h Pausa<\/p>\n<p><strong>12:30 h \u2013 14:00 h Di\u00e1logo: William Jeffett y Jordi Colomer. Arabian Stars<br \/>\n<\/strong>Presentaci\u00f3n: Pilar Parcerisas<\/p>\n<p>William Jeffett. Curador jefe del Salvador Dal\u00ed Museum, St. Petersburg, Florida. Es especialista en Mir\u00f3 y Dal\u00ed, comisario de varias exposiciones de arte contempor\u00e1neo.<\/p>\n<p>Jordi Colomer. Artista multimedia. Entre sus trabajos recientes m\u00e1s destacados est\u00e1n la serie Anarchitekton (2002-2004), Un crime (2005), Arabian Stars (2005). En 2008 el Jeu de Paume de Par\u00eds le dedic\u00f3 una retrospectiva.<\/p>\n<p><strong>16:30 h \u2013 18:00h El cuerpo fragmentado de la ciudad contempor\u00e1nea (el Hong Kong de Wong Kar-wai)<br \/>\n<\/strong>Presentaci\u00f3n: Menene Gras<\/p>\n<p>Jos\u00e9 Miguel Cort\u00e9s. Profesor de Teor\u00eda del Arte de la Universidad Polit\u00e9cnica de Valencia. Fue Director del E.A.C.C. de Castell\u00f3n. Recientemente, ha comisariado Malas Calles (I.V.A.M., 2010) y Medianoche en la Ciudad (La Panera, 2010 y Artium, 2011).<\/p>\n<p>18:00 h \u2013 18:30 h Pausa<\/p>\n<p><strong>18:30 h \u2013 20:00 h. Mediaci\u00f3n electr\u00f3nica. Participaci\u00f3n versus realidad consensuada<\/strong><br \/>\nPresentaci\u00f3n: Menene Gras<\/p>\n<p>Bernhard Serexhe. Historiador del arte curador y escritor. Desde 2006 es curador jefe del ZKM | Media Museum de Karlsruhe, Alemania.<\/p>\n<p>20:00 h \u2013 21:00 h Debate y preguntas<\/p>\n<p><strong>DOMINGO, 14 DE NOVIEMBRE<\/strong><\/p>\n<p><strong>10:30 h \u2013 12:00 h Contexto y traducci\u00f3n<br \/>\nPresentaci\u00f3n: Anna Maria Guasch<\/strong><\/p>\n<p>Antoni Muntadas. Desde los a\u00f1os 70 su obra aborda los fen\u00f3menos sociales, de la informaci\u00f3n y los medios de masas. Ha expuesto en las bienales de Par\u00eds, Venecia, Sao Paulo y en el Guggenheim de Nueva York, entre otros.<\/p>\n<p><strong>12:00 h \u2013 12:30 h Pausa<\/strong><\/p>\n<p><strong>12:30 h \u2013 14:00 h Mesa de debate. Arte\/postcolonialidad: redise\u00f1ando el debate desde lo transcultural<\/strong><\/p>\n<p>La mesa abordar\u00e1 temas entrecruzados entre los estudios postcoloniales y los estudios culturales con la idea de situar su impacto en las pr\u00e1cticas art\u00edsticas, en la reformulaci\u00f3n de la teor\u00eda cr\u00edtica y en los nuevos comportamientos institucionales en el marco de la globalizaci\u00f3n cultural.<\/p>\n<p>Estela Rodr\u00edguez. Coordinadora del Summer Course Decolonizing Knowledge and Power: postcolonial studies, decolonial horizonts, Universitat Rovira i Virgili, Tarragona.<\/p>\n<p>Landry-Wilfrid Miampika. Universidad de Alcal\u00e1 de Henares. Es autor de Transculturaci\u00f3n y poscolonialismo en el Caribe: versiones y subversiones de Alejo Carpentier.<\/p>\n<p>Jes\u00fas Carrillo. Director de Programas Culturales del Museo Nacional Centro de Arte Reina Sof\u00eda,<\/p>\n<p>Moderador y coordinador: Joaqu\u00edn Barriendos<\/p>\n<p><strong>14:00 h \u2013 14:30 h Debate final, conclusiones y cierre del simposio<\/strong><\/p>\n<p><strong>Informaci\u00f3n<\/strong><br \/>\nInscripciones: simposiacca2010@gmail.com<br \/>\nPlazas sin inscripci\u00f3n previa sujetas al aforo de la sala.<br \/>\nFecha l\u00edmite de inscripci\u00f3n: 11 noviembre de 2010.<br \/>\nRellenar el formulario disponible en la web www.acca.cat.<br \/>\nPago por transferencia o presencial en met\u00e1lico.<br \/>\nPrecio sesiones: 40 \u20ac. Sesiones sueltas (ma\u00f1ana o tarde completas): 15 \u20ac por sesi\u00f3n.<br \/>\nDescuentos -20%: estudiantes, profesores, miembros del ICOM y otras asociaciones art\u00edsticas, con acreditaci\u00f3n. Miembros ACCA \/ AICA gratuito.<br \/>\nLa sesi\u00f3n de Homenaje a Jos\u00e9 Lu\u00eds Brea es de libre entrada. El acceso sin inscripci\u00f3n estar\u00e1 sujeto al aforo de la sala, con prioridad de acceso para quienes se hayan inscrito previamente.<\/p>\n<p><strong>Servicios<br \/>\n<\/strong>Servicio de interpretaci\u00f3n simult\u00e1nea ingl\u00e9s &#8211; castellano en las ponencias del s\u00e1bado, 13 noviembre.<br \/>\nActividad convalidable por 2 cr\u00e9ditos de libre elecci\u00f3n en la UB, Universitat de Barcelona.<br \/>\nSe entrega certificado de asistencia\/convalidaci\u00f3n de cr\u00e9ditos universitarios previa petici\u00f3n.<\/p>\n","protected":false},"excerpt":{"rendered":"<p>Organiza: ACCA, Associaci\u00f3 Catalana de Cr\u00edtics d\u2019Art<br \/>\nD\u00edas: 12, 13 y 14 de noviembre de 2010<br \/>\nSesiones: viernes tarde, s\u00e1bado (ma\u00f1ana y tarde) y domingo ma\u00f1ana<br \/>\nLugar: Auditori del Macba<br \/>\nLa descolonizaci\u00f3n y la entrada en el espacio global han modificado los lenguajes supervivientes de la modernidad, proveyendo de nuevas fuentes de identidad y energ\u00eda para crear alternativas al [&#8230;]<\/p>\n","protected":false},"author":642,"featured_media":0,"comment_status":"closed","ping_status":"open","sticky":false,"template":"","format":"standard","meta":{"_links_to":"","_links_to_target":""},"categories":[3302],"tags":[],"_links":{"self":[{"href":"https:\/\/laboratoriodeantropologiaaudiovisual.umh.es\/en\/wp-json\/wp\/v2\/posts\/182"}],"collection":[{"href":"https:\/\/laboratoriodeantropologiaaudiovisual.umh.es\/en\/wp-json\/wp\/v2\/posts"}],"about":[{"href":"https:\/\/laboratoriodeantropologiaaudiovisual.umh.es\/en\/wp-json\/wp\/v2\/types\/post"}],"author":[{"embeddable":true,"href":"https:\/\/laboratoriodeantropologiaaudiovisual.umh.es\/en\/wp-json\/wp\/v2\/users\/642"}],"replies":[{"embeddable":true,"href":"https:\/\/laboratoriodeantropologiaaudiovisual.umh.es\/en\/wp-json\/wp\/v2\/comments?post=182"}],"version-history":[{"count":0,"href":"https:\/\/laboratoriodeantropologiaaudiovisual.umh.es\/en\/wp-json\/wp\/v2\/posts\/182\/revisions"}],"wp:attachment":[{"href":"https:\/\/laboratoriodeantropologiaaudiovisual.umh.es\/en\/wp-json\/wp\/v2\/media?parent=182"}],"wp:term":[{"taxonomy":"category","embeddable":true,"href":"https:\/\/laboratoriodeantropologiaaudiovisual.umh.es\/en\/wp-json\/wp\/v2\/categories?post=182"},{"taxonomy":"post_tag","embeddable":true,"href":"https:\/\/laboratoriodeantropologiaaudiovisual.umh.es\/en\/wp-json\/wp\/v2\/tags?post=182"}],"curies":[{"name":"wp","href":"https:\/\/api.w.org\/{rel}","templated":true}]}}