{"id":178,"date":"2010-09-29T15:31:38","date_gmt":"2010-09-29T13:31:38","guid":{"rendered":"http:\/\/laboratoriodeantropologiaaudiovisual.zeus.umh.es\/?p=176"},"modified":"2010-09-29T15:31:38","modified_gmt":"2010-09-29T13:31:38","slug":"i-jornada-genero-y-comunicacion-%e2%80%9cla-imagen-de-hombres-y-mujeres-en-la-publicidad%e2%80%9d","status":"publish","type":"post","link":"https:\/\/laboratoriodeantropologiaaudiovisual.umh.es\/en\/2010\/09\/29\/i-jornada-genero-y-comunicacion-%e2%80%9cla-imagen-de-hombres-y-mujeres-en-la-publicidad%e2%80%9d\/","title":{"rendered":"I Jornada G\u00e9nero y Comunicaci\u00f3n: \u201cLa imagen de hombres y mujeres en la publicidad\u201d"},"content":{"rendered":"<p style=\"text-align: center\"><img loading=\"lazy\" class=\"alignnone size-medium wp-image-175\" src=\"https:\/\/laboratoriodeantropologiaaudiovisual.umh.es\/files\/2010\/09\/carteljorn-generocomu2b-212x300.jpg\" alt=\"\" width=\"212\" height=\"300\" \/><\/p>\n<p style=\"text-align: left\">\u00a0Desde el Seminario Interdisciplinar de Estudios de G\u00e9nero de la Universidad Miguel Hern\u00e1ndez de Elche nos es grato invitarle a la I Jornada G\u00e9nero y Comunicaci\u00f3n \u201c La imagen de hombres y mujeres en la publicidad\u201d que tendr\u00e1 lugar el pr\u00f3ximo<\/p>\n<p>Martes, 19 de octubre de 2010<\/p>\n<p>De 16.00h a 21.00h<\/p>\n<p>En el Aula Magna del Edificio Altabix plano<br \/>\nCampus de Elche \u2013 Avda. de la Universidad, s\/n 03202 Elche (Alicante)<\/p>\n<p style=\"text-align: left\"><a href=\"http:\/\/ve.umh.es\/blogs\/sieg\/Web-NO%20TOCAR\/JORNADAS\/2010\/Publicidad\/GeneroComunic.pdf\">D\u00edptico y Programa<\/a><\/p>\n<p><a href=\"http:\/\/blogs.umh.es\/sieg\">http:\/\/blogs.umh.es\/sieg<\/a>\u00a0<\/p>\n<p>La entrada ser\u00e1 libre hasta completar aforo.<\/p>\n<p>Las personas que deseen certificado de asistencia deber\u00e1n hacer la inscripci\u00f3n en www.umh.es\/recibos &#8211; Tipo: Congresos, jornadas y conferencias; Subtipo: I Jornada G\u00e9nero y Comunicaci\u00f3n \u201cLa imagen de hombres y mujeres en la publicidad\u201d<\/p>\n<p>0,5 cr\u00e9dito de libre elecci\u00f3n<\/p>\n<p style=\"text-align: left\"><a href=\"http:\/\/ve.umh.es\/blogs\/sieg\/Web-NO%20TOCAR\/JORNADAS\/2010\/Publicidad\/GeneroComunic.pdf\"><\/a><\/p>\n","protected":false},"excerpt":{"rendered":"<p>\u00a0Desde el Seminario Interdisciplinar de Estudios de G\u00e9nero de la Universidad Miguel Hern\u00e1ndez de Elche nos es grato invitarle a la I Jornada G\u00e9nero y Comunicaci\u00f3n \u201c La imagen de hombres y mujeres en la publicidad\u201d que tendr\u00e1 lugar el pr\u00f3ximo<br \/>\nMartes, 19 de octubre de 2010<br \/>\nDe 16.00h a 21.00h<br \/>\nEn el Aula Magna del Edificio Altabix [&#8230;]<\/p>\n","protected":false},"author":642,"featured_media":0,"comment_status":"closed","ping_status":"open","sticky":false,"template":"","format":"standard","meta":{"_links_to":"","_links_to_target":""},"categories":[3302],"tags":[],"_links":{"self":[{"href":"https:\/\/laboratoriodeantropologiaaudiovisual.umh.es\/en\/wp-json\/wp\/v2\/posts\/178"}],"collection":[{"href":"https:\/\/laboratoriodeantropologiaaudiovisual.umh.es\/en\/wp-json\/wp\/v2\/posts"}],"about":[{"href":"https:\/\/laboratoriodeantropologiaaudiovisual.umh.es\/en\/wp-json\/wp\/v2\/types\/post"}],"author":[{"embeddable":true,"href":"https:\/\/laboratoriodeantropologiaaudiovisual.umh.es\/en\/wp-json\/wp\/v2\/users\/642"}],"replies":[{"embeddable":true,"href":"https:\/\/laboratoriodeantropologiaaudiovisual.umh.es\/en\/wp-json\/wp\/v2\/comments?post=178"}],"version-history":[{"count":0,"href":"https:\/\/laboratoriodeantropologiaaudiovisual.umh.es\/en\/wp-json\/wp\/v2\/posts\/178\/revisions"}],"wp:attachment":[{"href":"https:\/\/laboratoriodeantropologiaaudiovisual.umh.es\/en\/wp-json\/wp\/v2\/media?parent=178"}],"wp:term":[{"taxonomy":"category","embeddable":true,"href":"https:\/\/laboratoriodeantropologiaaudiovisual.umh.es\/en\/wp-json\/wp\/v2\/categories?post=178"},{"taxonomy":"post_tag","embeddable":true,"href":"https:\/\/laboratoriodeantropologiaaudiovisual.umh.es\/en\/wp-json\/wp\/v2\/tags?post=178"}],"curies":[{"name":"wp","href":"https:\/\/api.w.org\/{rel}","templated":true}]}}