{"id":165,"date":"2010-09-25T17:07:24","date_gmt":"2010-09-25T15:07:24","guid":{"rendered":"http:\/\/laboratoriodeantropologiaaudiovisual.zeus.umh.es\/?p=165"},"modified":"2010-09-25T17:07:24","modified_gmt":"2010-09-25T15:07:24","slug":"doctorado-y-master-en-artes-visuales-universidad-de-evora","status":"publish","type":"post","link":"https:\/\/laboratoriodeantropologiaaudiovisual.umh.es\/en\/2010\/09\/25\/doctorado-y-master-en-artes-visuales-universidad-de-evora\/","title":{"rendered":"DOCTORADO Y MASTER EN ARTES VISUALES. Universidad de \u00c9vora."},"content":{"rendered":"<p style=\"text-align: center\"><strong><a href=\"https:\/\/laboratoriodeantropologiaaudiovisual.umh.es\/files\/2010\/09\/davd_ok_foto_w3art_u2.jpg\"><img loading=\"lazy\" class=\"aligncenter size-medium wp-image-166\" src=\"https:\/\/laboratoriodeantropologiaaudiovisual.umh.es\/files\/2010\/09\/davd_ok_foto_w3art_u2.jpg\" alt=\"\" width=\"225\" height=\"300\" \/><\/a><\/strong><\/p>\n<p style=\"text-align: center\"><strong>MASTER EN ARTES VISUALES Y DIGITALES<br \/>\nMASTER EN DESIGN<br \/>\nEcodesign \/ Comunicaci\u00f3n \/ Industrial<br \/>\nDOCTORADO EN ARTES VISUALES<br \/>\n<\/strong>Especialidades:<br \/>\n<strong>Artes, Ciencias y Tecnolog\u00edas<br \/>\nInvestigaci\u00f3n art\u00edstica, media y estudios culturales<br \/>\nMetamedia y Design<\/strong><\/p>\n<p>Titulaciones oficiales Sistema Europeo de Bolonia<br \/>\nCandidatura: del 15.09 al 15.10.2010<br \/>\nMatr\u00edcula: entre 02 a 10.11.2010<\/p>\n<p>UNIVERSIDAD DE \u00c9VORA, Escuela de Artes<br \/>\nDepartamento de Artes Visuales y Design<br \/>\n(Portugal)<\/p>\n<p><a href=\"http:\/\/www.sac.uevora.pt\/sac\/estudos_pos_graduados\">http:\/\/www.sac.uevora.pt\/sac\/estudos_pos_graduados<br \/>\n<\/a><br \/>\n<a href=\"http:\/\/www.artesvisuais.uevora.pt\">http:\/\/www.artesvisuais.uevora.pt<\/a><\/p>\n<p><strong>DOCTORADO EN ARTES VISUALES<\/strong> (180 ECTS, 2010-2013)<br \/>\nEspecialidades:<br \/>\nArtes, Ciencias y Tecnolog\u00edas<br \/>\nInvestigaci\u00f3n art\u00edstica, media y estudios culturales<br \/>\nMetamedia y Design<br \/>\nMASTER EN ARTES VISUALES (120 ECTS, 2010-2012)<br \/>\nArtes pl\u00e1sticas y Artes digitales<\/p>\n<p><strong>MASTER EN DESIGN<\/strong> (120 ECTS, 2010-2012)<br \/>\nGesti\u00f3n del Design, Ecodesign y Design para la Sostentabilidad<br \/>\nDesign de Comunicaci\u00f3n<br \/>\nDesign Industrial<\/p>\n<p>La Universidad de \u00c9vora (U\u00c9) se sit\u00faa entre las de mayor prestigio en Portugal (fundada en 1559) y se destaca por la coexistencia de las Artes, las Humanidades, las Ciencias y las Tecnolog\u00edas. La Escuela de Artes re\u00fane los Departamentos de Artes Visuales y Design, Arquitectura, M\u00fasica y Teatro. Es la \u00fanica en el contexto universitario p\u00fablico en Portugal con esta estructura, que favorece la interdisciplinariedad entre \u00e1reas art\u00edsticas. Adem\u00e1s de una amplia oferta de licenciaturas en campos art\u00edsticos, ofrece cursos especializados de Masters y Doctorados en los diferentes \u00e1mbitos de las artes, todos ellos oficiales e integrados en el sistema de Bolonia.<\/p>\n<p><a href=\"http:\/\/w3art.es\/09-10\/2010\/09\/doctorado_y_master_en_artes_vi.php\">+informaci\u00f3n<\/a><\/p>\n","protected":false},"excerpt":{"rendered":"<p>MASTER EN ARTES VISUALES Y DIGITALES<br \/>\nMASTER EN DESIGN<br \/>\nEcodesign \/ Comunicaci\u00f3n \/ Industrial<br \/>\nDOCTORADO EN ARTES VISUALES<br \/>\nEspecialidades:<br \/>\nArtes, Ciencias y Tecnolog\u00edas<br \/>\nInvestigaci\u00f3n art\u00edstica, media y estudios culturales<br \/>\nMetamedia y Design<br \/>\nTitulaciones oficiales Sistema Europeo de Bolonia<br \/>\nCandidatura: del 15.09 al 15.10.2010<br \/>\nMatr\u00edcula: entre 02 a 10.11.2010<br \/>\nUNIVERSIDAD DE \u00c9VORA, Escuela de Artes<br \/>\nDepartamento de Artes Visuales y Design<br \/>\n(Portugal)<br \/>\nhttp:\/\/www.sac.uevora.pt\/sac\/estudos_pos_graduados<\/p>\n<p>http:\/\/www.artesvisuais.uevora.pt<br \/>\nDOCTORADO EN ARTES VISUALES (180 ECTS, 2010-2013)<br \/>\nEspecialidades:<br \/>\nArtes, Ciencias [&#8230;]<\/p>\n","protected":false},"author":642,"featured_media":0,"comment_status":"closed","ping_status":"open","sticky":false,"template":"","format":"standard","meta":{"_links_to":"","_links_to_target":""},"categories":[3304],"tags":[],"_links":{"self":[{"href":"https:\/\/laboratoriodeantropologiaaudiovisual.umh.es\/en\/wp-json\/wp\/v2\/posts\/165"}],"collection":[{"href":"https:\/\/laboratoriodeantropologiaaudiovisual.umh.es\/en\/wp-json\/wp\/v2\/posts"}],"about":[{"href":"https:\/\/laboratoriodeantropologiaaudiovisual.umh.es\/en\/wp-json\/wp\/v2\/types\/post"}],"author":[{"embeddable":true,"href":"https:\/\/laboratoriodeantropologiaaudiovisual.umh.es\/en\/wp-json\/wp\/v2\/users\/642"}],"replies":[{"embeddable":true,"href":"https:\/\/laboratoriodeantropologiaaudiovisual.umh.es\/en\/wp-json\/wp\/v2\/comments?post=165"}],"version-history":[{"count":0,"href":"https:\/\/laboratoriodeantropologiaaudiovisual.umh.es\/en\/wp-json\/wp\/v2\/posts\/165\/revisions"}],"wp:attachment":[{"href":"https:\/\/laboratoriodeantropologiaaudiovisual.umh.es\/en\/wp-json\/wp\/v2\/media?parent=165"}],"wp:term":[{"taxonomy":"category","embeddable":true,"href":"https:\/\/laboratoriodeantropologiaaudiovisual.umh.es\/en\/wp-json\/wp\/v2\/categories?post=165"},{"taxonomy":"post_tag","embeddable":true,"href":"https:\/\/laboratoriodeantropologiaaudiovisual.umh.es\/en\/wp-json\/wp\/v2\/tags?post=165"}],"curies":[{"name":"wp","href":"https:\/\/api.w.org\/{rel}","templated":true}]}}