{"id":148,"date":"2010-08-19T11:29:00","date_gmt":"2010-08-19T09:29:00","guid":{"rendered":"http:\/\/laboratoriodeantropologiaaudiovisual.zeus.umh.es\/?p=148"},"modified":"2010-08-19T11:29:00","modified_gmt":"2010-08-19T09:29:00","slug":"master-oficial-en-artes-visuales-y-multimedia-upv","status":"publish","type":"post","link":"https:\/\/laboratoriodeantropologiaaudiovisual.umh.es\/en\/2010\/08\/19\/master-oficial-en-artes-visuales-y-multimedia-upv\/","title":{"rendered":"M\u00e1ster Oficial en Artes Visuales y Multimedia UPV"},"content":{"rendered":"<p>Universidad Polit\u00e9cnica de Valencia<br \/>\nAbierto plazo preinscripci\u00f3n para el curso 2010\/11<br \/>\n2\u00ba per\u00edodo: del 2 al 10 de septiembre de 2010<\/p>\n<p><a href=\"www.artesvisualesymultimedia.com\">www.artesvisualesymultimedia.com<\/a><\/p>\n<p>El M\u00e1ster Oficial en Artes Visuales y Multimedia de la Universidad Polit\u00e9cnica de Valencia, responde al impacto de las tecnolog\u00edas de la imagen y al potencial creativo de los programas de generaci\u00f3n, tratamiento y manipulaci\u00f3n t\u00e9cnica de la imagen-digital. Estos cambios est\u00e1n transformando los modos de producci\u00f3n y difusi\u00f3n de las pr\u00e1cticas art\u00edsticas, fusion\u00e1ndose con otros sectores profesionales y econ\u00f3micos del campo de la informaci\u00f3n, donde la imagen, lo visual, toma un papel cada vez m\u00e1s relevante.<\/p>\n<p>En este nuevo contexto, la figura del artista como profesional o investigador, integrado en equipos interdisciplinares, se perfila como una de las m\u00e1s s\u00f3lidas salidas profesionales. El artista contempor\u00e1neo como productor de innovaci\u00f3n, tiene capacidad para incidir directamente en el desarrollo de las sociedades contempor\u00e1neas del conocimiento. Es nuestra responsabilidad percibir esos cambios y capacitar a los estudiantes que cursen este m\u00e1ster en el uso de las herramientas t\u00e9cnicas y conceptuales necesarias para comprender este nuevo espacio de trabajo y para actuar en \u00e9l desde un punto de vista profesional,<br \/>\nresponsable y creativo.<\/p>\n<p>DIRIGIDO A:<br \/>\nTitulados superiores que deseen ampliar su formaci\u00f3n en el \u00e1mbito de las Artes Visuales y Multimedia, especialmente titulados en Bellas Artes, Comunicaci\u00f3n Audiovisual, Inform\u00e1tica, Historia del Arte o Filosof\u00eda, as\u00ed como Diplomados de la Escuela de Arte y Superior de Dise\u00f1o.<\/p>\n<p>OBJETIVOS:<br \/>\nFormar profesionales e investigadores con capacidad para planificar y resolver proyectos de artes visuales y multimedia de una manera interdisciplinar, incidiendo en los aspectos creativos, conceptuales, t\u00e9cnicos y reflexivos, aunando el sentido cr\u00edtico propio de las humanidades y las aplicaciones tecnocient\u00edficas de la cultura del ordenador. Para ello al finalizar el m\u00e1ster los alumnos ser\u00e1n capaces de:<\/p>\n<p>1_ Integrarse con responsabilidad en el contexto social como profesionales e investigadores conscientes de la incidencia de las TIC en la sociedad contempor\u00e1nea.<br \/>\n2_ Contextualizar la pr\u00e1ctica art\u00edstica multimedia en el campo emergente de investigaci\u00f3n denominado Arte-Ciencia-Tecnolog\u00eda-Sociedad ACTS, considerando tambi\u00e9n su expansi\u00f3n en otras \u00e1reas afines de la esfera p\u00fablica y los mass media.<br \/>\n3_ A nivel profesional, integrarse en equipos interdisciplinares para el desarrollo de proyectos propios de la industria de la imagen creativa.<br \/>\n4_ A nivel investigador, aplicar las metodolog\u00edas de investigaci\u00f3n propias de las Artes Visuales y Multimedia para generar nuevas aportaciones a las l\u00edneas de investigaci\u00f3n que configuran el M\u00e1ster, as\u00ed como participar en proyectos I+D+I de investigaci\u00f3n aplicada.<br \/>\n5_ Asimilar los recursos metodol\u00f3gicos necesarios para autogenerar un sistema de formaci\u00f3n permanente.<\/p>\n<p>DURACI\u00d3N DE LOS ESTUDIOS:<br \/>\nEntre 60 y 120 cr\u00e9ditos, dependiendo de la formaci\u00f3n previa del estudiante.<\/p>\n<p>DESGLOSE DE LAS MATERIAS:<\/p>\n<p>Materia METODOLOG\u00cdA PROYECTUAL 2<br \/>\nSeminario de Artes Visuales y Multimedia | 5 ECTS\u2028[Prof: Mar\u00eda Jos\u00e9 Mart\u00ednez de Pis\u00f3n]<\/p>\n<p>Materia TEOR\u00cdA CR\u00cdTICA<br \/>\nCultura Visual, Producci\u00f3n Art\u00edstica y Cambio Social | 3 ECTS\u2028[Prof: Marina Pastor Aguilar]<br \/>\nDispositivos, Medios y Contextos | 4 ECTS\u2028[Prof: Salom\u00e9 Cuesta Valera]<\/p>\n<p>Materia FUNDAMENTOS DEL ARTE MULTIMEDIA<br \/>\nArte Sonoro | 3 ECTS \u2028[Prof: Miguel Molina Alarc\u00f3n]<br \/>\nV\u00eddeo Creaci\u00f3n | 4 ECTS\u2028[Prof: Trinidad Gracia]<br \/>\nFotograf\u00eda | 4 ECTS \u2028[Prof: Chema De Luelmo]<br \/>\nEntornos 3D | 4 ECTS\u2028[Prof: Francisco Giner Mart\u00ednez]<\/p>\n<p>Materia LENGUAJES AUDIOVISUALES Y CULTURA SOCIAL<br \/>\nArte y TV. Nuevos Medios, Nuevos Lenguajes | 4 ECTS\u2028[Prof: Amparo Carbonell Tatay]<br \/>\nActivismo y Nuevos Medios en Arte P\u00fablico | 3 ECTS\u2028[Prof: Emilio Mart\u00ednez Arroyo]<br \/>\nLenguajes Audiovisuales y Arte de G\u00e9nero | 3 ECTS\u2028[Prof: Maribel Dom\u00e9nech]<br \/>\nMedios F\u00edlmicos y Procesos de Intervenci\u00f3n en el Espacio P\u00fablico | 4 ECTS\u2028[Prof: Josepa Lop\u00e9z Poquet]<\/p>\n<p>Materia APLICACIONES AVANZADAS DEL ARTE MULTIMEDIA INTERACTIVO<br \/>\nDise\u00f1o de Interfaces | 4ECTS\u2028[Prof: Mois\u00e9s Ma\u00f1as]<br \/>\nProgramaci\u00f3n de Comportamientos y Modelos. Arte Algor\u00edtmico y Multimedia | 4 ECTS\u2028[Prof: Fernando Cord\u00f3n Fern\u00e1ndez]<br \/>\nProyectos Interactivos | 4 ECTS\u2028[Prof: Francisco Sanmart\u00edn]<\/p>\n<p>Materia PROYECTO FINAL DE MASTER (10 ECTS)<\/p>\n<p>CONFERENCIAS Y TALLERES DE PROFESORES INVITADOS:<\/p>\n<p>Trabajar con conceptos [Prof: Mieke Bal]<br \/>\nProyectar [Prof: Antoni Muntadas]<br \/>\nPaisaje Sonoro y Espacios de Resonancia [Prof: Josep Cerd\u00e0]<br \/>\nArte sonoro [Prof: Carmen Pardo]<br \/>\nImagen y sonido digital en tiempo real [Prof: Max Neupert]<br \/>\nTeor\u00eda e historia de las artes digitales: una aproximaci\u00f3n arqueol\u00f3gica [Prof: Pau Alsina]<br \/>\nProgramaci\u00f3n para plataformas m\u00f3viles con Mobile Processing [Prof: Antoni Abad] [Prof: Eugenio Tisselli] \u2028<br \/>\nOpenCV Workshop [Prof: Lluis Gomez i Bigorda] [Prof: Yves Degoyon]<br \/>\nWays to fork &#8211; Umleitungen [Prof: David Cuartielles] [Prof: Emanuele Mazza]<\/p>\n<p>PROGRAMA DE INTERCAMBIO:<br \/>\nUniversity of Art and Design Linz, Interface Cultures Master, dirigido por Dra. D\u00f1a. Christa Sommerer<\/p>\n<p>FECHAS DE PREINSCRIPCI\u00d3N:<br \/>\n2\u00ba per\u00edodo: del 2 al 10 de septiembre de 2010<\/p>\n<p>REQUISITOS Y CRITERIOS DE ADMISION:<br \/>\nCurr\u00edculum Acad\u00e9mico. (2 puntos)<br \/>\nCurr\u00edculum Profesional. (2 puntos)<br \/>\nMemoria-Dossier de trabajos realizados. (2 puntos)<br \/>\nBreve resumen del Proyecto Final de M\u00e1ster a realizar. (2 puntos)<br \/>\nCarta de motivaci\u00f3n en soporte v\u00eddeo. M\u00e1ximo 3 minutos (2 puntos)<\/p>\n<p>INFORMACI\u00d3N &#8211; CONTACTO:<br \/>\nEmail: <a href=\"avm@posgrado.upv.es\">avm@posgrado.upv.es<\/a><\/p>\n<p><a href=\"http:\/\/www.artesvisualesymultimedia.com\">http:\/\/www.artesvisualesymultimedia.com<\/a><\/p>\n","protected":false},"excerpt":{"rendered":"<p>Universidad Polit\u00e9cnica de Valencia<br \/>\nAbierto plazo preinscripci\u00f3n para el curso 2010\/11<br \/>\n2\u00ba per\u00edodo: del 2 al 10 de septiembre de 2010<br \/>\nwww.artesvisualesymultimedia.com<br \/>\nEl M\u00e1ster Oficial en Artes Visuales y Multimedia de la Universidad Polit\u00e9cnica de Valencia, responde al impacto de las tecnolog\u00edas de la imagen y al potencial creativo de los programas de generaci\u00f3n, tratamiento y manipulaci\u00f3n t\u00e9cnica de [&#8230;]<\/p>\n","protected":false},"author":642,"featured_media":0,"comment_status":"closed","ping_status":"open","sticky":false,"template":"","format":"standard","meta":{"_links_to":"","_links_to_target":""},"categories":[3304],"tags":[],"_links":{"self":[{"href":"https:\/\/laboratoriodeantropologiaaudiovisual.umh.es\/en\/wp-json\/wp\/v2\/posts\/148"}],"collection":[{"href":"https:\/\/laboratoriodeantropologiaaudiovisual.umh.es\/en\/wp-json\/wp\/v2\/posts"}],"about":[{"href":"https:\/\/laboratoriodeantropologiaaudiovisual.umh.es\/en\/wp-json\/wp\/v2\/types\/post"}],"author":[{"embeddable":true,"href":"https:\/\/laboratoriodeantropologiaaudiovisual.umh.es\/en\/wp-json\/wp\/v2\/users\/642"}],"replies":[{"embeddable":true,"href":"https:\/\/laboratoriodeantropologiaaudiovisual.umh.es\/en\/wp-json\/wp\/v2\/comments?post=148"}],"version-history":[{"count":0,"href":"https:\/\/laboratoriodeantropologiaaudiovisual.umh.es\/en\/wp-json\/wp\/v2\/posts\/148\/revisions"}],"wp:attachment":[{"href":"https:\/\/laboratoriodeantropologiaaudiovisual.umh.es\/en\/wp-json\/wp\/v2\/media?parent=148"}],"wp:term":[{"taxonomy":"category","embeddable":true,"href":"https:\/\/laboratoriodeantropologiaaudiovisual.umh.es\/en\/wp-json\/wp\/v2\/categories?post=148"},{"taxonomy":"post_tag","embeddable":true,"href":"https:\/\/laboratoriodeantropologiaaudiovisual.umh.es\/en\/wp-json\/wp\/v2\/tags?post=148"}],"curies":[{"name":"wp","href":"https:\/\/api.w.org\/{rel}","templated":true}]}}