{"id":143,"date":"2010-07-16T18:28:21","date_gmt":"2010-07-16T17:28:21","guid":{"rendered":"http:\/\/laboratoriodeantropologiaaudiovisual.zeus.umh.es\/?p=143"},"modified":"2010-07-16T18:28:21","modified_gmt":"2010-07-16T17:28:21","slug":"33-festival-internacioanal-de-cine-independiente-elche","status":"publish","type":"post","link":"https:\/\/laboratoriodeantropologiaaudiovisual.umh.es\/en\/2010\/07\/16\/33-festival-internacioanal-de-cine-independiente-elche\/","title":{"rendered":"33 Festival Internacioanal de Cine Independiente Elche"},"content":{"rendered":"<p style=\"text-align: center\"><a href=\"https:\/\/laboratoriodeantropologiaaudiovisual.umh.es\/files\/2010\/07\/33festivalelche.jpg\"><img loading=\"lazy\" class=\"alignnone size-medium wp-image-144\" src=\"https:\/\/laboratoriodeantropologiaaudiovisual.umh.es\/files\/2010\/07\/33festivalelche.jpg\" alt=\"\" width=\"280\" height=\"208\" \/><\/a><\/p>\n<p>Este viernes comienza la 33\u00aa Edici\u00f3n del Festival Internacional de Cine Independiente de Elche.<\/p>\n<p>Este a\u00f1o se han recibido m\u00e1s de 700 cortometrajes de los cuales se han seleccionado 60. Todos los seleccionados se ir\u00e1n proyectando a lo largo de la semana que dure el Festival, durante todas las noches a las 22h desde este s\u00e1bado 17 simult\u00e1neamente en el Hort del Xocolater y en la Playa de Arenales.<\/p>\n<p>El punto final del festival ser\u00e1 la noche del 23 de julio en la que la Gala de Clausura cerrar\u00e1 una edici\u00f3n m\u00e1s de esta importante cita con el cine en la provincia de Alicante. Adem\u00e1s, en ella se conocer\u00e1n los ganadores de los premios en cada categor\u00eda, entre las que figura el Premio CAMON 2010.<\/p>\n<p>Programa: http:\/\/www.tucamon.es\/festivalcinelche\/programa<\/p>\n<p>El Festival Internacional de Cine Independiente de Elche ha logrado convertirse con el paso del tiempo en uno de los emblemas de Obra Social de Caja Mediterr\u00e1neo. Este certamen nace en 1978 con un planteamiento inicial basado en la idea de mostrar un espacio de cine de verano en el que se diera a conocer la producci\u00f3n a nivel nacional e internacional de cortos contempor\u00e1neos.<\/p>\n<p>Despu\u00e9s de 32 ediciones, la notoriedad de los realizadores que han pasado por este certamen, la calidad de las pel\u00edculas presentadas, o la respuesta cada vez mayor de p\u00fablico a las proyecciones, son argumentos que sustentan en la actualidad y con el paso de los a\u00f1os el firme prop\u00f3sito de nuestra entidad por incentivar el desarrollo de proyectos culturales como este.<\/p>\n<p>Del mismo modo, debemos remarcar que la relevancia alcanzada por el Festival, ha propiciado que Caja Mediterr\u00e1neo organizara otras actividades complementarias, como cursos, ponencias o debates. As\u00ed, a d\u00eda de hoy el n\u00famero de participantes, las actividades programadas y los premios concedidos han aumentado considerablemente, pero lo que a\u00fan se mantiene invariable es la filosof\u00eda con que naci\u00f3 el festival: apoyar a los realizadores noveles y ofrecer una muestra completa de la producci\u00f3n f\u00edlmica dentro y fuera de nuestro pa\u00eds.<\/p>\n<p>Todo ello es posible a su vez gracias a la inestimable colaboraci\u00f3n del Institut Municipal de Cultura del Ayuntamiento de Elche, la Universidad Miguel Hern\u00e1ndez de Elche, la Universidad de Alicante, Ciudad de la Luz y el Cine Club Luis Bu\u00f1uel; con su apoyo, podemos afirmar que el Festival Internacional de Cine Independiente supone en estos momentos un referente destacado del panorama cinematogr\u00e1fico.<\/p>\n","protected":false},"excerpt":{"rendered":"<p>Este viernes comienza la 33\u00aa Edici\u00f3n del Festival Internacional de Cine Independiente de Elche.<br \/>\nEste a\u00f1o se han recibido m\u00e1s de 700 cortometrajes de los cuales se han seleccionado 60. Todos los seleccionados se ir\u00e1n proyectando a lo largo de la semana que dure el Festival, durante todas las noches a las 22h desde este s\u00e1bado [&#8230;]<\/p>\n","protected":false},"author":642,"featured_media":0,"comment_status":"closed","ping_status":"open","sticky":false,"template":"","format":"standard","meta":{"_links_to":"","_links_to_target":""},"categories":[3302],"tags":[3329],"_links":{"self":[{"href":"https:\/\/laboratoriodeantropologiaaudiovisual.umh.es\/en\/wp-json\/wp\/v2\/posts\/143"}],"collection":[{"href":"https:\/\/laboratoriodeantropologiaaudiovisual.umh.es\/en\/wp-json\/wp\/v2\/posts"}],"about":[{"href":"https:\/\/laboratoriodeantropologiaaudiovisual.umh.es\/en\/wp-json\/wp\/v2\/types\/post"}],"author":[{"embeddable":true,"href":"https:\/\/laboratoriodeantropologiaaudiovisual.umh.es\/en\/wp-json\/wp\/v2\/users\/642"}],"replies":[{"embeddable":true,"href":"https:\/\/laboratoriodeantropologiaaudiovisual.umh.es\/en\/wp-json\/wp\/v2\/comments?post=143"}],"version-history":[{"count":0,"href":"https:\/\/laboratoriodeantropologiaaudiovisual.umh.es\/en\/wp-json\/wp\/v2\/posts\/143\/revisions"}],"wp:attachment":[{"href":"https:\/\/laboratoriodeantropologiaaudiovisual.umh.es\/en\/wp-json\/wp\/v2\/media?parent=143"}],"wp:term":[{"taxonomy":"category","embeddable":true,"href":"https:\/\/laboratoriodeantropologiaaudiovisual.umh.es\/en\/wp-json\/wp\/v2\/categories?post=143"},{"taxonomy":"post_tag","embeddable":true,"href":"https:\/\/laboratoriodeantropologiaaudiovisual.umh.es\/en\/wp-json\/wp\/v2\/tags?post=143"}],"curies":[{"name":"wp","href":"https:\/\/api.w.org\/{rel}","templated":true}]}}