{"id":140,"date":"2010-06-28T21:28:57","date_gmt":"2010-06-28T20:28:57","guid":{"rendered":"http:\/\/laboratoriodeantropologiaaudiovisual.zeus.umh.es\/?p=140"},"modified":"2010-06-28T21:28:57","modified_gmt":"2010-06-28T20:28:57","slug":"vi-muestra-de-cine-lgtb-de-murcia","status":"publish","type":"post","link":"https:\/\/laboratoriodeantropologiaaudiovisual.umh.es\/en\/2010\/06\/28\/vi-muestra-de-cine-lgtb-de-murcia\/","title":{"rendered":"VI MUESTRA DE CINE LGTB DE MURCIA"},"content":{"rendered":"<p style=\"text-align: center\">ENTRADA GRATUITA &#8211; PARANINFO DE LA UNIVERSIDAD DE LA MERCED<\/p>\n<p style=\"text-align: center\"><a href=\"https:\/\/laboratoriodeantropologiaaudiovisual.umh.es\/files\/2010\/06\/36371_1376064881804_1237299847_31016982_3199782_n.jpg\"><img loading=\"lazy\" class=\"alignnone size-thumbnail wp-image-141\" src=\"https:\/\/laboratoriodeantropologiaaudiovisual.umh.es\/files\/2010\/06\/36371_1376064881804_1237299847_31016982_3199782_n-150x150.jpg\" alt=\"\" width=\"150\" height=\"150\" \/><\/a><a href=\"https:\/\/laboratoriodeantropologiaaudiovisual.umh.es\/files\/2010\/06\/37309_1376065001807_1237299847_31016983_3106288_n.jpg\"><img loading=\"lazy\" class=\"alignnone size-thumbnail wp-image-142\" src=\"https:\/\/laboratoriodeantropologiaaudiovisual.umh.es\/files\/2010\/06\/37309_1376065001807_1237299847_31016983_3106288_n-150x150.jpg\" alt=\"\" width=\"150\" height=\"150\" \/><\/a><\/p>\n<p style=\"text-align: center\">LUNES, 28 DE JUNIO. 20:00 HORAS<br \/>\n&#8220;THE AMAZING TRUTH ABOUT QUEEN RAQUELA&#8221;<br \/>\nG\u00e9nero: ficci\u00f3n Trans. Director: Olaf de Fleur Johannesson<br \/>\nIslandia, Dinamarca, Filipinas, Francia, Thailandia. 2007. 97 min.<\/p>\n<p style=\"text-align: center\">MARTES, 29 DE JUNIO. 20:00 HORAS<br \/>\n&#8220;MI QUERIDA SE\u00d1ORITA&#8221;<br \/>\nG\u00e9nero: ficci\u00f3n Trans. Director: Jaime de Armi\u00f1an.<br \/>\nEspa\u00f1a. 1971. 80 min.<\/p>\n<p style=\"text-align: center\">MIERCOLES, 30 DE JUNIO. 20:00 HORAS<br \/>\n&#8220;TEST DE LA VIDA REAL&#8221;<br \/>\nG\u00e9nero: Documental Trans. Directora: florencia P. Marano.<br \/>\nEspa\u00f1a. 2009. 51 min.<\/p>\n<p style=\"text-align: center\">JUEVES, 1 JULIO. 20:00 HORAS<br \/>\n&#8220;PIAO LANG QUIN CHUN&#8221; (DRIFTING FLOWERS)<br \/>\nG\u00e9nero: ficci\u00f3n L\u00e9sbico. Directora: Zero Chou<br \/>\nTaiwan. 2008. 97 min.<\/p>\n<p style=\"text-align: center\">VIERNES, 2 DE JULIO. 20:00 HORAS<br \/>\n&#8220;SPINNIN &#8211; 6000 MILLONES DE PERSONAS DIFERENTES&#8221;<br \/>\nG\u00e9nero: ficci\u00f3n Gay. Director: Eusebio Pastrana.<br \/>\nEspa\u00f1a. 2007. 110 min.<\/p>\n<p style=\"text-align: center\">LUGAR: PARANINFO DE LA UNIVERSIDAD DE LA MERCED<\/p>\n","protected":false},"excerpt":{"rendered":"<p>ENTRADA GRATUITA &#8211; PARANINFO DE LA UNIVERSIDAD DE LA MERCED<\/p>\n<p>LUNES, 28 DE JUNIO. 20:00 HORAS<br \/>\n&#8220;THE AMAZING TRUTH ABOUT QUEEN RAQUELA&#8221;<br \/>\nG\u00e9nero: ficci\u00f3n Trans. Director: Olaf de Fleur Johannesson<br \/>\nIslandia, Dinamarca, Filipinas, Francia, Thailandia. 2007. 97 min.<br \/>\nMARTES, 29 DE JUNIO. 20:00 HORAS<br \/>\n&#8220;MI QUERIDA SE\u00d1ORITA&#8221;<br \/>\nG\u00e9nero: ficci\u00f3n Trans. Director: Jaime de Armi\u00f1an.<br \/>\nEspa\u00f1a. 1971. 80 min.<br \/>\nMIERCOLES, 30 DE JUNIO. 20:00 HORAS<br \/>\n&#8220;TEST [&#8230;]<\/p>\n","protected":false},"author":642,"featured_media":0,"comment_status":"closed","ping_status":"open","sticky":false,"template":"","format":"standard","meta":{"_links_to":"","_links_to_target":""},"categories":[3302],"tags":[],"_links":{"self":[{"href":"https:\/\/laboratoriodeantropologiaaudiovisual.umh.es\/en\/wp-json\/wp\/v2\/posts\/140"}],"collection":[{"href":"https:\/\/laboratoriodeantropologiaaudiovisual.umh.es\/en\/wp-json\/wp\/v2\/posts"}],"about":[{"href":"https:\/\/laboratoriodeantropologiaaudiovisual.umh.es\/en\/wp-json\/wp\/v2\/types\/post"}],"author":[{"embeddable":true,"href":"https:\/\/laboratoriodeantropologiaaudiovisual.umh.es\/en\/wp-json\/wp\/v2\/users\/642"}],"replies":[{"embeddable":true,"href":"https:\/\/laboratoriodeantropologiaaudiovisual.umh.es\/en\/wp-json\/wp\/v2\/comments?post=140"}],"version-history":[{"count":0,"href":"https:\/\/laboratoriodeantropologiaaudiovisual.umh.es\/en\/wp-json\/wp\/v2\/posts\/140\/revisions"}],"wp:attachment":[{"href":"https:\/\/laboratoriodeantropologiaaudiovisual.umh.es\/en\/wp-json\/wp\/v2\/media?parent=140"}],"wp:term":[{"taxonomy":"category","embeddable":true,"href":"https:\/\/laboratoriodeantropologiaaudiovisual.umh.es\/en\/wp-json\/wp\/v2\/categories?post=140"},{"taxonomy":"post_tag","embeddable":true,"href":"https:\/\/laboratoriodeantropologiaaudiovisual.umh.es\/en\/wp-json\/wp\/v2\/tags?post=140"}],"curies":[{"name":"wp","href":"https:\/\/api.w.org\/{rel}","templated":true}]}}