{"id":138,"date":"2010-06-25T13:37:44","date_gmt":"2010-06-25T12:37:44","guid":{"rendered":"http:\/\/laboratoriodeantropologiaaudiovisual.zeus.umh.es\/?p=138"},"modified":"2010-06-25T13:37:44","modified_gmt":"2010-06-25T12:37:44","slug":"maquilapolis-2006","status":"publish","type":"post","link":"https:\/\/laboratoriodeantropologiaaudiovisual.umh.es\/en\/2010\/06\/25\/maquilapolis-2006\/","title":{"rendered":"Maquil\u00e1Polis (2006)"},"content":{"rendered":"<div><a href=\"https:\/\/laboratoriodeantropologiaaudiovisual.umh.es\/files\/2010\/06\/newindex_img.jpg\"><\/a><\/div>\n<p><a href=\"https:\/\/laboratoriodeantropologiaaudiovisual.umh.es\/files\/2010\/06\/newindex_img.jpg\"><\/p>\n<p style=\"text-align: center\"><img loading=\"lazy\" class=\"size-medium wp-image-139 aligncenter\" src=\"https:\/\/laboratoriodeantropologiaaudiovisual.umh.es\/files\/2010\/06\/newindex_img-299x200.jpg\" alt=\"\" width=\"299\" height=\"200\" srcset=\"https:\/\/laboratoriodeantropologiaaudiovisual.umh.es\/files\/2010\/06\/newindex_img-299x200.jpg 299w, https:\/\/laboratoriodeantropologiaaudiovisual.umh.es\/files\/2010\/06\/newindex_img.jpg 582w\" sizes=\"(max-width: 299px) 100vw, 299px\" \/><\/p>\n<p><\/a><\/p>\n<p style=\"text-align: center\"><a href=\"http:\/\/video.google.es\/videoplay?docid=3401277500988865555#\"><strong>Ver Documental<\/strong><\/a><\/p>\n<p style=\"text-align: left\"><strong><a href=\"http:\/\/www.maquilapolis.com\/project_eng.htm\">MAQUILAPOLIS ciudad [de las f\u00e1bricas ]<\/a><br \/>\n<\/strong>Una pel\u00edcula de Vicky Funari y Sergio De La Torre<br \/>\nUna coproducci\u00f3n de la Independent Television Service ( ITVS ) .<br \/>\nUn proyecto de Creative Capital .<br \/>\nEsta pel\u00edcula fue apoyada por una beca del Instituto Sundance Documentary Fund.<\/p>\n<p>LA PEL\u00cdCULA<\/p>\n<p>Carmen trabaja el turno de noche en una de Tijuana maquiladoras, Las f\u00e1bricas de propiedad multinacional que vino a M\u00e9xico por su mano de obra barata . Despu\u00e9s de ensamblar televisiones toda la noche, Carmen regresa a una choza que ella misma construy\u00f3 usando puertas de garage recicladas, situada en un vecindario sin drenaje ni electricidad . Ella sufre de los ri\u00f1ones da\u00f1o y la intoxicaci\u00f3n por plomo de sus a\u00f1os de exposici\u00f3n a productos qu\u00edmicos t\u00f3xicos. Ella gana seis d\u00f3lares diarios. Pero Carmen no es una v\u00edctima . Ella es una mujer joven y din\u00e1mica, ocupado haciendo una vida para ella y sus hijos.<\/p>\n<p>Como Carmen y un mill\u00f3n de otros trabajadores de maquiladoras producen televisores , cables el\u00e9ctricos, juguetes , ropa, pilas y tubos intravenosos , tejen la trama misma de la vida de las naciones consumidoras . Tambi\u00e9n frente a violaci\u00f3nes laborales , devastaci\u00f3n ambiental y caos urbano &#8211; la vida en el frontera de la econom\u00eda mundial. En MAQUILAPOLIS, Carmen y su colega Lourdes van m\u00e1s all\u00e1 de la lucha diaria por la supervivencia de organizar para el cambio: Carmen tiene un fabricante importante de la televisi\u00f3n a la tarea por violar sus derechos laborales. Lourdes ejerce presi\u00f3n sobre el gobierno para limpiar un vertedero de residuos t\u00f3xicos dejados por una f\u00e1brica de salida.<\/p>\n<p>A medida que trabajan para el cambio, el mundo cambia tambi\u00e9n : una crisis econ\u00f3mica mundial y la disponibilidad de mano de obra barata en China empiezan a tirar de las f\u00e1bricas fuera de Tijuana, dejando a Carmen , Lourdes y sus colegas con un futuro incierto.<\/p>\n<p>EL PROCESO<\/p>\n<p>Para crear MAQUILAPOLIS , los cineastas reunieron trabajadores de la f\u00e1brica en Tijuana y las organizaciones comunitarias en M\u00e9xico y los EE.UU. a colaborar en una pel\u00edcula que representa la globalizaci\u00f3n a trav\u00e9s de los ojos de las mujeres que viven en su borde de ataque. Los trabajadores de f\u00e1brica que aparecen en la pel\u00edcula han participado en todos los las fases de producci\u00f3n , desde la planificaci\u00f3n del rodaje , de secuencias de comandos a la divulgaci\u00f3n . Esto rompe proceso de colaboraci\u00f3n con la pr\u00e1ctica documental tradicional de caer en un lugar , el tiro y salir con la mercanc\u00eda &#8221; , &#8220;que s\u00f3lo repetir\u00eda el patr\u00f3n de la maquiladoras s\u00ed mismo. El proceso abarca la subjetividad como un valor y una meta. Fusiona creaci\u00f3n art\u00edstica con el desarrollo de la comunidad para garantizar que la voz de la pel\u00edcula ser\u00e1 realmente la de sus s\u00fabditos.<\/p>\n<p>La campa\u00f1a de conscientizaci\u00f3n<\/p>\n<p>Actualmente estamos buscando financiamiento para implementar una campa\u00f1a binacional de Alcance Comunitario , dise\u00f1ado e implementado en colaboraci\u00f3n con las organizaciones interesadas en los EE.UU. y M\u00e9xico. La campa\u00f1a utiliza una emisi\u00f3n de televisi\u00f3n p\u00fablica de alto perfil , el m\u00e1ximo nivel de festivales de cine y de la comunidad la proyecci\u00f3n de la pel\u00edcula para crear sentido el cambio social en torno a los temas de globalizaci\u00f3n , justicia social y del medio ambiente y comercio justo. Nuestro equipo de difusi\u00f3n incluye activistas dedicados a ambos lados de la frontera, realizadores comprometidos con el cambio social, y lo m\u00e1s importante un grupo de mujeres trabajadores de las f\u00e1bricas que luchan por lograr un cambio positivo en su mundo.<\/p>\n","protected":false},"excerpt":{"rendered":"<p>Ver Documental<br \/>\nMAQUILAPOLIS ciudad [de las f\u00e1bricas ]<br \/>\nUna pel\u00edcula de Vicky Funari y Sergio De La Torre<br \/>\nUna coproducci\u00f3n de la Independent Television Service ( ITVS ) .<br \/>\nUn proyecto de Creative Capital .<br \/>\nEsta pel\u00edcula fue apoyada por una beca del Instituto Sundance Documentary Fund.<br \/>\nLA PEL\u00cdCULA<br \/>\nCarmen trabaja el turno de noche en una de Tijuana maquiladoras, Las f\u00e1bricas [&#8230;]<\/p>\n","protected":false},"author":642,"featured_media":0,"comment_status":"closed","ping_status":"open","sticky":false,"template":"","format":"standard","meta":{"_links_to":"","_links_to_target":""},"categories":[3301],"tags":[3322,3336],"_links":{"self":[{"href":"https:\/\/laboratoriodeantropologiaaudiovisual.umh.es\/en\/wp-json\/wp\/v2\/posts\/138"}],"collection":[{"href":"https:\/\/laboratoriodeantropologiaaudiovisual.umh.es\/en\/wp-json\/wp\/v2\/posts"}],"about":[{"href":"https:\/\/laboratoriodeantropologiaaudiovisual.umh.es\/en\/wp-json\/wp\/v2\/types\/post"}],"author":[{"embeddable":true,"href":"https:\/\/laboratoriodeantropologiaaudiovisual.umh.es\/en\/wp-json\/wp\/v2\/users\/642"}],"replies":[{"embeddable":true,"href":"https:\/\/laboratoriodeantropologiaaudiovisual.umh.es\/en\/wp-json\/wp\/v2\/comments?post=138"}],"version-history":[{"count":0,"href":"https:\/\/laboratoriodeantropologiaaudiovisual.umh.es\/en\/wp-json\/wp\/v2\/posts\/138\/revisions"}],"wp:attachment":[{"href":"https:\/\/laboratoriodeantropologiaaudiovisual.umh.es\/en\/wp-json\/wp\/v2\/media?parent=138"}],"wp:term":[{"taxonomy":"category","embeddable":true,"href":"https:\/\/laboratoriodeantropologiaaudiovisual.umh.es\/en\/wp-json\/wp\/v2\/categories?post=138"},{"taxonomy":"post_tag","embeddable":true,"href":"https:\/\/laboratoriodeantropologiaaudiovisual.umh.es\/en\/wp-json\/wp\/v2\/tags?post=138"}],"curies":[{"name":"wp","href":"https:\/\/api.w.org\/{rel}","templated":true}]}}