{"id":97,"date":"2010-03-30T15:11:36","date_gmt":"2010-03-30T14:11:36","guid":{"rendered":"http:\/\/laboratoriodeantropologiaaudiovisual.zeus.umh.es\/?p=97"},"modified":"2010-03-30T15:11:36","modified_gmt":"2010-03-30T14:11:36","slug":"tabu-de-murnau-historia-de-los-mares-del-sur-1931","status":"publish","type":"post","link":"https:\/\/laboratoriodeantropologiaaudiovisual.umh.es\/ca\/2010\/03\/30\/tabu-de-murnau-historia-de-los-mares-del-sur-1931\/","title":{"rendered":"Tabu de Murnau &#8211; Historia de los Mares del Sur (1931)"},"content":{"rendered":"<p style=\"text-align: center\"><strong><a href=\"http:\/\/www.youtube.com\/watch?v=BmHQjE_YCGw\"><img loading=\"lazy\" class=\"alignnone size-medium wp-image-98\" src=\"https:\/\/laboratoriodeantropologiaaudiovisual.umh.es\/files\/2010\/03\/tabu-216x300.jpg\" alt=\"\" width=\"151\" height=\"210\" srcset=\"https:\/\/laboratoriodeantropologiaaudiovisual.umh.es\/files\/2010\/03\/tabu-216x300.jpg 216w, https:\/\/laboratoriodeantropologiaaudiovisual.umh.es\/files\/2010\/03\/tabu.jpg 580w\" sizes=\"(max-width: 151px) 100vw, 151px\" \/><\/a><\/strong>\u00a0<\/p>\n<p style=\"text-align: center\"><a href=\"http:\/\/www.youtube.com\/watch?v=BmHQjE_YCGw\">Ver documental<\/a><\/p>\n<p style=\"text-align: center\"><strong>T\u00edtulo original<\/strong>: Tabu: Una historia de los Mares del Sur<br \/>\n<strong>A\u00f1o<\/strong>: 1931<br \/>\n<strong>Pa\u00eds<\/strong>: Estados Unidos<br \/>\n<strong>G\u00e9nero<\/strong>: Drama<br \/>\n<strong>Direcci\u00f3n<\/strong>: F. W. Murnau, Robert J. Flaherty<br \/>\n<strong>Gui\u00f3n<\/strong>: F. W. Murnau &amp; Robert J. Flaherty<br \/>\n<strong>Duraci\u00f3n<\/strong>: 81 min<br \/>\n<strong>Reparto<\/strong>: Matahi, Anne Chevalier, Bill Bambridge, Hitu, Jean, Kong Ah, Ah Fong<\/p>\n<p style=\"text-align: left\"><strong>SINOPSIS:<\/strong><\/p>\n<p><a href=\"http:\/\/www.patiodebutacas.org\/foro\/showthread.php?t=5556\">Una historia de los Mares del Sur<\/a>, Esto es, Tab\u00fa: Una Historia de los Mares del Sur, contada por el alem\u00e1n FW Murnau (1888-1931) y el norteamericano RJ Flaherty (1884-1951). Y es que, seg\u00fan los cronistas, la &#8220;\u00faltima obra maestra de FW Murnau Fue una producci\u00f3n propia iniciada junto al documentalista Robert J. Flaherty. Flaherty deseaba glorificar la vida tradicional de los ind\u00edgenas Enfrentados al acoso de la civilizaci\u00f3n occidental. Murnau, por su parte, deseaba rodar una pel\u00edcula rom\u00e1ntica que enfatizase el exotismo y la belleza de paisajes e ind\u00edgenas. Una historia triangular en la que uno de los v\u00e9rtices de Representantes de la ONU funestas Fuerzas Sobrenaturales. En definitiva, Un planteamiento similar al de Nosferatu, eine Symphonie des Grauens &#8230; &#8220;<\/p>\n","protected":false},"excerpt":{"rendered":"<p>\u00a0<br \/>\nVer documental<br \/>\nT\u00edtulo original: Tabu: Una historia de los Mares del Sur<br \/>\nA\u00f1o: 1931<br \/>\nPa\u00eds: Estados Unidos<br \/>\nG\u00e9nero: Drama<br \/>\nDirecci\u00f3n: F. W. Murnau, Robert J. Flaherty<br \/>\nGui\u00f3n: F. W. Murnau &amp; Robert J. Flaherty<br \/>\nDuraci\u00f3n: 81 min<br \/>\nReparto: Matahi, Anne Chevalier, Bill Bambridge, Hitu, Jean, Kong Ah, Ah Fong<br \/>\nSINOPSIS:<br \/>\nUna historia de los Mares del Sur, Esto es, Tab\u00fa: Una Historia de los Mares [&#8230;]<\/p>\n","protected":false},"author":642,"featured_media":0,"comment_status":"closed","ping_status":"open","sticky":false,"template":"","format":"standard","meta":{"_links_to":"","_links_to_target":""},"categories":[3301],"tags":[3309,3322,159],"_links":{"self":[{"href":"https:\/\/laboratoriodeantropologiaaudiovisual.umh.es\/ca\/wp-json\/wp\/v2\/posts\/97"}],"collection":[{"href":"https:\/\/laboratoriodeantropologiaaudiovisual.umh.es\/ca\/wp-json\/wp\/v2\/posts"}],"about":[{"href":"https:\/\/laboratoriodeantropologiaaudiovisual.umh.es\/ca\/wp-json\/wp\/v2\/types\/post"}],"author":[{"embeddable":true,"href":"https:\/\/laboratoriodeantropologiaaudiovisual.umh.es\/ca\/wp-json\/wp\/v2\/users\/642"}],"replies":[{"embeddable":true,"href":"https:\/\/laboratoriodeantropologiaaudiovisual.umh.es\/ca\/wp-json\/wp\/v2\/comments?post=97"}],"version-history":[{"count":0,"href":"https:\/\/laboratoriodeantropologiaaudiovisual.umh.es\/ca\/wp-json\/wp\/v2\/posts\/97\/revisions"}],"wp:attachment":[{"href":"https:\/\/laboratoriodeantropologiaaudiovisual.umh.es\/ca\/wp-json\/wp\/v2\/media?parent=97"}],"wp:term":[{"taxonomy":"category","embeddable":true,"href":"https:\/\/laboratoriodeantropologiaaudiovisual.umh.es\/ca\/wp-json\/wp\/v2\/categories?post=97"},{"taxonomy":"post_tag","embeddable":true,"href":"https:\/\/laboratoriodeantropologiaaudiovisual.umh.es\/ca\/wp-json\/wp\/v2\/tags?post=97"}],"curies":[{"name":"wp","href":"https:\/\/api.w.org\/{rel}","templated":true}]}}