{"id":81,"date":"2010-03-25T16:20:33","date_gmt":"2010-03-25T15:20:33","guid":{"rendered":"http:\/\/laboratoriodeantropologiaaudiovisual.zeus.umh.es\/?p=81"},"modified":"2010-03-25T16:20:33","modified_gmt":"2010-03-25T15:20:33","slug":"el-pan-nuestro-de-cada-dia","status":"publish","type":"post","link":"https:\/\/laboratoriodeantropologiaaudiovisual.umh.es\/ca\/2010\/03\/25\/el-pan-nuestro-de-cada-dia\/","title":{"rendered":"El pan nuestro de cada d\u00eda (2005)"},"content":{"rendered":"<p style=\"text-align: center\"><a href=\"https:\/\/laboratoriodeantropologiaaudiovisual.umh.es\/files\/2010\/03\/200809191559_67313900-pelicula-nuestro-pan-de-cada-dia.jpg\"><strong><img loading=\"lazy\" class=\"size-medium wp-image-82 aligncenter\" src=\"https:\/\/laboratoriodeantropologiaaudiovisual.umh.es\/files\/2010\/03\/200809191559_67313900-pelicula-nuestro-pan-de-cada-dia-206x300.jpg\" alt=\"\" width=\"144\" height=\"210\" srcset=\"https:\/\/laboratoriodeantropologiaaudiovisual.umh.es\/files\/2010\/03\/200809191559_67313900-pelicula-nuestro-pan-de-cada-dia-206x300.jpg 206w, https:\/\/laboratoriodeantropologiaaudiovisual.umh.es\/files\/2010\/03\/200809191559_67313900-pelicula-nuestro-pan-de-cada-dia.jpg 310w\" sizes=\"(max-width: 144px) 100vw, 144px\" \/><\/strong><\/a><br \/>\n<a href=\"http:\/\/www.megavideo.com\/?v=PE192HMU&amp;confirmed=1\">Ver documental<\/a><br \/>\nA\u00f1o: 2005<br \/>\n<strong>Nacionalidad<\/strong>: Alemania-Austria<br \/>\n<strong>Estreno<\/strong>: 14-03-2008<br \/>\n<strong>G\u00e9nero<\/strong>: Documental<br \/>\n<strong>Duraci\u00f3n<\/strong>: 92 m.<br \/>\n<strong>T.<\/strong> <strong>original<\/strong>: Unser t\u00e4glich brot<br \/>\n<strong>Direcci\u00f3n<\/strong>: Nikolaus Geyhalter<br \/>\n<strong>Int\u00e9rpretes<\/strong>: Claus Hansen Petz, Arkadiusz Rydellek, Barbara Hinz, Renata Wypchlo, Alice Wiktorska<br \/>\n<strong>Gui\u00f3n<\/strong>: Nikolaus Geyrhalter, Wolfgang Widerhofer<br \/>\n<strong>Fotograf\u00eda<\/strong>: Nikolaus Geyrhalter<br \/>\n<strong>Montaje<\/strong>: Wolfgang Widerhofer<\/p>\n<p style=\"text-align: left\"><strong>Sinopsis<\/strong>:<\/p>\n<p>Bienvenidos al mundo de la producci\u00f3n industrial de alimentos y de las granjas de alta tecnolog\u00eda. Al ritmo de las cintas transportadoras y las inmensas m\u00e1quinas, se muestran diferentes lugares de Europa en los que se producen alimentos. Lugares monumentalmente grandes, paisajes surrealistas y sonidos extra\u00f1os. Un fr\u00edo entorno industrial que deja poco espacio al individualismo. Las personas, los animales, las cosechas y las m\u00e1quinas juegan un papel importante en la log\u00edstica de este sistema que proporciona el sustento de vida de nuestra sociedad.<\/p>\n<p><strong><!--more-->Referencias<\/strong>:<\/p>\n<p>Dirige Nikolaus Geyhalter (Vienna, Austria, 1972), quien comenz\u00f3 su carrera en el mundo de las artes visuales como fot\u00f3grafo y en 1992 debut\u00f3 tras la c\u00e1mara con Eisenerz (1992), su primer documental, al que siguieron Angeschwemmt (1994), las dos partes de Das Jahr nach Dayton (1997), Pripyat (1999) y Elsewhere (2001).<\/p>\n<p>La pel\u00edcula muestra algunos lugares de Europa en los que se producen alimentos: paisajes surrealistas plastificados y optimizados por tractores y maquinaria agr\u00edcola, habitaciones esterilizadas en fr\u00edos edificios industriales dise\u00f1ados para asegurar la eficacia log\u00edstica, maquinas que requieren materiales uniformes para procesos sin dificultades. Lo que parece pertenecer al mundo de la ciencia ficci\u00f3n es realidad. Nuestra comida se produce en lugares espectaculares que raras veces pueden ser vistos.<\/p>\n<p>Sin comentarios ni entrevistas explicativas, la pel\u00edcula se despliega en la pantalla como un sue\u00f1o molesto: una mirada fija insistente, acompa\u00f1ada por el ruidoso respirar de las m\u00e1quinas hidr\u00e1ulicas\u2026 S\u00f3lo el chillido de los pollos es m\u00e1s ruidoso.<\/p>\n<p>Fue candidata a los Premios de cine Europeo al mejor documental.<\/p>\n<p>Consigui\u00f3 el Premio Especial del Jurado en el Festival Internacional de Cine Documental de Amsterdam.<\/p>\n","protected":false},"excerpt":{"rendered":"<p>Ver documental<br \/>\nA\u00f1o: 2005<br \/>\nNacionalidad: Alemania-Austria<br \/>\nEstreno: 14-03-2008<br \/>\nG\u00e9nero: Documental<br \/>\nDuraci\u00f3n: 92 m.<br \/>\nT. original: Unser t\u00e4glich brot<br \/>\nDirecci\u00f3n: Nikolaus Geyhalter<br \/>\nInt\u00e9rpretes: Claus Hansen Petz, Arkadiusz Rydellek, Barbara Hinz, Renata Wypchlo, Alice Wiktorska<br \/>\nGui\u00f3n: Nikolaus Geyrhalter, Wolfgang Widerhofer<br \/>\nFotograf\u00eda: Nikolaus Geyrhalter<br \/>\nMontaje: Wolfgang Widerhofer<br \/>\nSinopsis:<br \/>\nBienvenidos al mundo de la producci\u00f3n industrial de alimentos y de las granjas de alta tecnolog\u00eda. Al ritmo de las cintas transportadoras y [&#8230;]<\/p>\n","protected":false},"author":642,"featured_media":0,"comment_status":"closed","ping_status":"open","sticky":false,"template":"","format":"standard","meta":{"_links_to":"","_links_to_target":""},"categories":[3301],"tags":[3141,3322],"_links":{"self":[{"href":"https:\/\/laboratoriodeantropologiaaudiovisual.umh.es\/ca\/wp-json\/wp\/v2\/posts\/81"}],"collection":[{"href":"https:\/\/laboratoriodeantropologiaaudiovisual.umh.es\/ca\/wp-json\/wp\/v2\/posts"}],"about":[{"href":"https:\/\/laboratoriodeantropologiaaudiovisual.umh.es\/ca\/wp-json\/wp\/v2\/types\/post"}],"author":[{"embeddable":true,"href":"https:\/\/laboratoriodeantropologiaaudiovisual.umh.es\/ca\/wp-json\/wp\/v2\/users\/642"}],"replies":[{"embeddable":true,"href":"https:\/\/laboratoriodeantropologiaaudiovisual.umh.es\/ca\/wp-json\/wp\/v2\/comments?post=81"}],"version-history":[{"count":0,"href":"https:\/\/laboratoriodeantropologiaaudiovisual.umh.es\/ca\/wp-json\/wp\/v2\/posts\/81\/revisions"}],"wp:attachment":[{"href":"https:\/\/laboratoriodeantropologiaaudiovisual.umh.es\/ca\/wp-json\/wp\/v2\/media?parent=81"}],"wp:term":[{"taxonomy":"category","embeddable":true,"href":"https:\/\/laboratoriodeantropologiaaudiovisual.umh.es\/ca\/wp-json\/wp\/v2\/categories?post=81"},{"taxonomy":"post_tag","embeddable":true,"href":"https:\/\/laboratoriodeantropologiaaudiovisual.umh.es\/ca\/wp-json\/wp\/v2\/tags?post=81"}],"curies":[{"name":"wp","href":"https:\/\/api.w.org\/{rel}","templated":true}]}}