{"id":75,"date":"2010-03-23T00:21:50","date_gmt":"2010-03-22T23:21:50","guid":{"rendered":"http:\/\/laboratoriodeantropologiaaudiovisual.zeus.umh.es\/?p=75"},"modified":"2010-03-23T00:21:50","modified_gmt":"2010-03-22T23:21:50","slug":"revista-de-estudios-visuales-ensayo-teoria-y-critica-de-la-cultura-visual-y-el-arte-contemporaneo","status":"publish","type":"post","link":"https:\/\/laboratoriodeantropologiaaudiovisual.umh.es\/ca\/2010\/03\/23\/revista-de-estudios-visuales-ensayo-teoria-y-critica-de-la-cultura-visual-y-el-arte-contemporaneo\/","title":{"rendered":"Revista de Estudios Visuales: Ensayo, teor\u00eda y cr\u00edtica de la cultura visual y el arte contempor\u00e1neo"},"content":{"rendered":"<p>Desde 2003 esta\u00a0publicaci\u00f3n que dirige Jos\u00e9 Luis Brea en la que adem\u00e1s est\u00e1n implicados la mayor parte de los nombres fuertes al pensar sobre arte en espa\u00f1ol, Anna Mar\u00eda Guasch, Pedro A Cruz, Miguel A Hernandez Navarro, Sim\u00f3n March\u00e1n Fiz. En el \u00faltimo numero un texto de la Dra. Teresa Bordons.<\/p>\n<p><a href=\"http:\/\/estudiosvisuales.net\/revista\/index.htm\"><span style=\"color: #5588aa\">http:\/\/estudiosvisuales.net\/revista\/index.htm<\/span><\/a><\/p>\n","protected":false},"excerpt":{"rendered":"<p>Desde 2003 esta\u00a0publicaci\u00f3n que dirige Jos\u00e9 Luis Brea en la que adem\u00e1s est\u00e1n implicados la mayor parte de los nombres fuertes al pensar sobre arte en espa\u00f1ol, Anna Mar\u00eda Guasch, Pedro A Cruz, Miguel A Hernandez Navarro, Sim\u00f3n March\u00e1n Fiz. En el \u00faltimo numero un texto de la Dra. Teresa Bordons.<br \/>\nhttp:\/\/estudiosvisuales.net\/revista\/index.htm<\/p>\n","protected":false},"author":642,"featured_media":0,"comment_status":"closed","ping_status":"open","sticky":false,"template":"","format":"standard","meta":{"_links_to":"","_links_to_target":""},"categories":[3305],"tags":[1134,3312,2296],"_links":{"self":[{"href":"https:\/\/laboratoriodeantropologiaaudiovisual.umh.es\/ca\/wp-json\/wp\/v2\/posts\/75"}],"collection":[{"href":"https:\/\/laboratoriodeantropologiaaudiovisual.umh.es\/ca\/wp-json\/wp\/v2\/posts"}],"about":[{"href":"https:\/\/laboratoriodeantropologiaaudiovisual.umh.es\/ca\/wp-json\/wp\/v2\/types\/post"}],"author":[{"embeddable":true,"href":"https:\/\/laboratoriodeantropologiaaudiovisual.umh.es\/ca\/wp-json\/wp\/v2\/users\/642"}],"replies":[{"embeddable":true,"href":"https:\/\/laboratoriodeantropologiaaudiovisual.umh.es\/ca\/wp-json\/wp\/v2\/comments?post=75"}],"version-history":[{"count":0,"href":"https:\/\/laboratoriodeantropologiaaudiovisual.umh.es\/ca\/wp-json\/wp\/v2\/posts\/75\/revisions"}],"wp:attachment":[{"href":"https:\/\/laboratoriodeantropologiaaudiovisual.umh.es\/ca\/wp-json\/wp\/v2\/media?parent=75"}],"wp:term":[{"taxonomy":"category","embeddable":true,"href":"https:\/\/laboratoriodeantropologiaaudiovisual.umh.es\/ca\/wp-json\/wp\/v2\/categories?post=75"},{"taxonomy":"post_tag","embeddable":true,"href":"https:\/\/laboratoriodeantropologiaaudiovisual.umh.es\/ca\/wp-json\/wp\/v2\/tags?post=75"}],"curies":[{"name":"wp","href":"https:\/\/api.w.org\/{rel}","templated":true}]}}