{"id":72,"date":"2010-03-20T13:11:42","date_gmt":"2010-03-20T12:11:42","guid":{"rendered":"http:\/\/laboratoriodeantropologiaaudiovisual.zeus.umh.es\/?p=72"},"modified":"2010-03-20T13:11:42","modified_gmt":"2010-03-20T12:11:42","slug":"taller-de-video-documental","status":"publish","type":"post","link":"https:\/\/laboratoriodeantropologiaaudiovisual.umh.es\/ca\/2010\/03\/20\/taller-de-video-documental\/","title":{"rendered":"Taller de video documental"},"content":{"rendered":"<p>Escola Municipal d\u2019Art i Studio Kanema amb la col.laboraci\u00f3 del Museu del Cinema i el Centre de Recerca i Difusi\u00f3 de la Imatge de l\u2019Ajuntament de Girona<\/p>\n<p>\u00a0<\/p>\n<p>Taller de creaci\u00f3 i pr\u00e0ctica documental col.lectiva per a totes aquelles persones interessades en la mirada antropol\u00f2gica i que mantinguin una relaci\u00f3 estreta amb el mosaic social i urb\u00e0 de la ciutat de Girona.<\/p>\n<p><a href=\"http:\/\/www.antropologia.cat\/node\/10450\">Instituto Catalan de Antropolog\u00eda<\/a><\/p>\n<p>Info\u00a0y matr\u00edcula: <a href=\"http:\/\/www.girona.cat\/ccm\">www.girona.cat\/ccm<\/a>, 972 22 33 05<br \/>\nplaces limitades.<\/p>\n","protected":false},"excerpt":{"rendered":"<p>Escola Municipal d\u2019Art i Studio Kanema amb la col.laboraci\u00f3 del Museu del Cinema i el Centre de Recerca i Difusi\u00f3 de la Imatge de l\u2019Ajuntament de Girona<br \/>\n\u00a0<br \/>\nTaller de creaci\u00f3 i pr\u00e0ctica documental col.lectiva per a totes aquelles persones interessades en la mirada antropol\u00f2gica i que mantinguin una relaci\u00f3 estreta amb el mosaic social i urb\u00e0 [&#8230;]<\/p>\n","protected":false},"author":642,"featured_media":0,"comment_status":"closed","ping_status":"open","sticky":false,"template":"","format":"standard","meta":{"_links_to":"","_links_to_target":""},"categories":[3304],"tags":[3309,721],"_links":{"self":[{"href":"https:\/\/laboratoriodeantropologiaaudiovisual.umh.es\/ca\/wp-json\/wp\/v2\/posts\/72"}],"collection":[{"href":"https:\/\/laboratoriodeantropologiaaudiovisual.umh.es\/ca\/wp-json\/wp\/v2\/posts"}],"about":[{"href":"https:\/\/laboratoriodeantropologiaaudiovisual.umh.es\/ca\/wp-json\/wp\/v2\/types\/post"}],"author":[{"embeddable":true,"href":"https:\/\/laboratoriodeantropologiaaudiovisual.umh.es\/ca\/wp-json\/wp\/v2\/users\/642"}],"replies":[{"embeddable":true,"href":"https:\/\/laboratoriodeantropologiaaudiovisual.umh.es\/ca\/wp-json\/wp\/v2\/comments?post=72"}],"version-history":[{"count":0,"href":"https:\/\/laboratoriodeantropologiaaudiovisual.umh.es\/ca\/wp-json\/wp\/v2\/posts\/72\/revisions"}],"wp:attachment":[{"href":"https:\/\/laboratoriodeantropologiaaudiovisual.umh.es\/ca\/wp-json\/wp\/v2\/media?parent=72"}],"wp:term":[{"taxonomy":"category","embeddable":true,"href":"https:\/\/laboratoriodeantropologiaaudiovisual.umh.es\/ca\/wp-json\/wp\/v2\/categories?post=72"},{"taxonomy":"post_tag","embeddable":true,"href":"https:\/\/laboratoriodeantropologiaaudiovisual.umh.es\/ca\/wp-json\/wp\/v2\/tags?post=72"}],"curies":[{"name":"wp","href":"https:\/\/api.w.org\/{rel}","templated":true}]}}