{"id":71,"date":"2010-03-20T12:52:16","date_gmt":"2010-03-20T11:52:16","guid":{"rendered":"http:\/\/laboratoriodeantropologiaaudiovisual.zeus.umh.es\/?p=71"},"modified":"2010-03-20T12:52:16","modified_gmt":"2010-03-20T11:52:16","slug":"diplomado-en-antrologia-visual-y-medios-audiovisuales-en-la-investigacion-social","status":"publish","type":"post","link":"https:\/\/laboratoriodeantropologiaaudiovisual.umh.es\/ca\/2010\/03\/20\/diplomado-en-antrologia-visual-y-medios-audiovisuales-en-la-investigacion-social\/","title":{"rendered":"Diplomado en Antrologia Visual y Medios Audiovisuales en la Investigaci\u00f3n Social"},"content":{"rendered":"<p><strong>Informaci\u00f3n General: <\/strong>Este programa de diplomado es dictado por la Escuela de Antropolog\u00eda de la Universidad Cat\u00f3lica de Temuco, en colaboraci\u00f3n con el N\u00facleo de <a href=\"http:\/\/antropologia.uct.cl\/dip_antrologia.php\">Antropolog\u00eda Visual de la Universidad Academia<\/a> de Humanismo Cristiano. Es la tercera versi\u00f3n, luego de dos enriquecedoras experiencias que nos demuestran el inter\u00e9s por conocer y profundizar en la antropolog\u00eda visual y en introducir los medios audiovisuales en los procesos de investigaci\u00f3n en diversas disciplinas y ciencias sociales.\u00a0 \u00a0<br \/>\n<strong><br \/>\nDescripci\u00f3n del programa:<\/strong> En este programa de diplomado convergen dos l\u00edneas del conocimiento, las de la Antropolog\u00eda Visual y las de la Comunicaci\u00f3n Audiovisual, tomando como base la primera, que reflexiona acerca de la imagen en tanto construcci\u00f3n cultural desde la ciencia antropol\u00f3gica, profundizando acerca de las relaciones que se dan con el lenguaje audiovisual, consider\u00e1ndolo este, como un instrumento al servicio de la investigaci\u00f3n social y reflexionando acerca de su uso.<\/p>\n<p>\u00a0<strong>Objetivo General: <\/strong>Los estudiantes ser\u00e1n capaces de identificar y reproducir conocimientos te\u00f3ricos y pr\u00e1cticos para la integraci\u00f3n de los Medios Audiovisuales a las Ciencias Sociales en particular y a otras disciplinas y quehaceres, tanto en investigaci\u00f3n y difusi\u00f3n visual, as\u00ed como en la interpretaci\u00f3n y an\u00e1lisis de documentos audiovisuales, permiti\u00e9ndoles complementar y potenciar las distintas \u00e1reas de trabajo en las que se desempe\u00f1en.<\/p>\n<p><a href=\"http:\/\/antropologia.uct.cl\/index.php\">Escuela de Antropolog\u00eda. Universidad Cat\u00f3lica de Temuco<\/a><\/p>\n","protected":false},"excerpt":{"rendered":"<p>Informaci\u00f3n General: Este programa de diplomado es dictado por la Escuela de Antropolog\u00eda de la Universidad Cat\u00f3lica de Temuco, en colaboraci\u00f3n con el N\u00facleo de Antropolog\u00eda Visual de la Universidad Academia de Humanismo Cristiano. Es la tercera versi\u00f3n, luego de dos enriquecedoras experiencias que nos demuestran el inter\u00e9s por conocer y profundizar en la antropolog\u00eda [&#8230;]<\/p>\n","protected":false},"author":642,"featured_media":0,"comment_status":"closed","ping_status":"open","sticky":false,"template":"","format":"standard","meta":{"_links_to":"","_links_to_target":""},"categories":[3304],"tags":[3309,1741],"_links":{"self":[{"href":"https:\/\/laboratoriodeantropologiaaudiovisual.umh.es\/ca\/wp-json\/wp\/v2\/posts\/71"}],"collection":[{"href":"https:\/\/laboratoriodeantropologiaaudiovisual.umh.es\/ca\/wp-json\/wp\/v2\/posts"}],"about":[{"href":"https:\/\/laboratoriodeantropologiaaudiovisual.umh.es\/ca\/wp-json\/wp\/v2\/types\/post"}],"author":[{"embeddable":true,"href":"https:\/\/laboratoriodeantropologiaaudiovisual.umh.es\/ca\/wp-json\/wp\/v2\/users\/642"}],"replies":[{"embeddable":true,"href":"https:\/\/laboratoriodeantropologiaaudiovisual.umh.es\/ca\/wp-json\/wp\/v2\/comments?post=71"}],"version-history":[{"count":0,"href":"https:\/\/laboratoriodeantropologiaaudiovisual.umh.es\/ca\/wp-json\/wp\/v2\/posts\/71\/revisions"}],"wp:attachment":[{"href":"https:\/\/laboratoriodeantropologiaaudiovisual.umh.es\/ca\/wp-json\/wp\/v2\/media?parent=71"}],"wp:term":[{"taxonomy":"category","embeddable":true,"href":"https:\/\/laboratoriodeantropologiaaudiovisual.umh.es\/ca\/wp-json\/wp\/v2\/categories?post=71"},{"taxonomy":"post_tag","embeddable":true,"href":"https:\/\/laboratoriodeantropologiaaudiovisual.umh.es\/ca\/wp-json\/wp\/v2\/tags?post=71"}],"curies":[{"name":"wp","href":"https:\/\/api.w.org\/{rel}","templated":true}]}}