{"id":57,"date":"2010-02-28T17:56:32","date_gmt":"2010-02-28T16:56:32","guid":{"rendered":"http:\/\/laboratoriodeantropologiaaudiovisual.zeus.umh.es\/2010\/02\/28\/57\/"},"modified":"2010-02-28T17:56:32","modified_gmt":"2010-02-28T16:56:32","slug":"57","status":"publish","type":"post","link":"https:\/\/laboratoriodeantropologiaaudiovisual.umh.es\/ca\/2010\/02\/28\/57\/","title":{"rendered":"12.511 Caso Rosendo Radilla: Herida Abierta de la Guerra Sucia en M\u00e9xico"},"content":{"rendered":"<p style=\"text-align: center\"><a href=\"http:\/\/www.youtube.com\/watch?v=oC1exvPrEdU\"><img loading=\"lazy\" class=\"aligncenter size-medium wp-image-58\" src=\"https:\/\/laboratoriodeantropologiaaudiovisual.umh.es\/files\/2010\/02\/71-300x173.jpg\" alt=\"\" width=\"300\" height=\"173\" srcset=\"https:\/\/laboratoriodeantropologiaaudiovisual.umh.es\/files\/2010\/02\/71-300x173.jpg 300w, https:\/\/laboratoriodeantropologiaaudiovisual.umh.es\/files\/2010\/02\/71.jpg 607w\" sizes=\"(max-width: 300px) 100vw, 300px\" \/><\/a><br \/>\nMar\u00eda Sirvent Bravo Ahuja (2008-65 min. M\u00e9xico)\u00a0<br \/>\nPropone un an\u00e1lisis sobre el tema &#8220;Memoria y derechos humanos&#8221; a partir de este documental.<br \/>\n<a href=\"http:\/\/www.youtube.com\/watch?v=oC1exvPrEdU\">Ver documental<\/a><\/p>\n<p>El documental que acabamos de ver busca iluminar un cap\u00edtulo oscuro en nuestra historia; destapar una realidad que existi\u00f3 m\u00e1s all\u00e1 de lo que registr\u00f3 la \u201chistoria oficial\u201d, en tiempos en donde el Estado gobern\u00f3 bajo un r\u00e9gimen de excepci\u00f3n ilegal, cuyo fin implic\u00f3 que el Estado ejerciera discrecionalmente el poder pol\u00edtico y la fuerza. Esta ilegalidad excepcional tuvo, y sigue teniendo, efectos muy perturbadores en una sociedad que se percibi\u00f3 desprotegida y sin derechos ante el poder represivo que entonces ejerci\u00f3 el Estado, pero que hoy sigue violentando mientras existan obst\u00e1culos estructurales y legales que propician la impunidad y \u00e9sta a su vez, la repetici\u00f3n cr\u00f3nica de dichas arbitrariedades. De all\u00ed la importancia y el inter\u00e9s de rescatar a trav\u00e9s de este documental, estos rostros y testimonios que nos permiten reconstruir nuestra historia para que hechos como los sucedidos entonces, no puedan repetirse jam\u00e1s.<\/p>\n","protected":false},"excerpt":{"rendered":"<p>Mar\u00eda Sirvent Bravo Ahuja (2008-65 min. M\u00e9xico)\u00a0<br \/>\nPropone un an\u00e1lisis sobre el tema &#8220;Memoria y derechos humanos&#8221; a partir de este documental.<br \/>\nVer documental<br \/>\nEl documental que acabamos de ver busca iluminar un cap\u00edtulo oscuro en nuestra historia; destapar una realidad que existi\u00f3 m\u00e1s all\u00e1 de lo que registr\u00f3 la \u201chistoria oficial\u201d, en tiempos en donde el Estado [&#8230;]<\/p>\n","protected":false},"author":642,"featured_media":0,"comment_status":"closed","ping_status":"open","sticky":false,"template":"","format":"standard","meta":{"_links_to":"","_links_to_target":""},"categories":[3301],"tags":[3141,3318],"_links":{"self":[{"href":"https:\/\/laboratoriodeantropologiaaudiovisual.umh.es\/ca\/wp-json\/wp\/v2\/posts\/57"}],"collection":[{"href":"https:\/\/laboratoriodeantropologiaaudiovisual.umh.es\/ca\/wp-json\/wp\/v2\/posts"}],"about":[{"href":"https:\/\/laboratoriodeantropologiaaudiovisual.umh.es\/ca\/wp-json\/wp\/v2\/types\/post"}],"author":[{"embeddable":true,"href":"https:\/\/laboratoriodeantropologiaaudiovisual.umh.es\/ca\/wp-json\/wp\/v2\/users\/642"}],"replies":[{"embeddable":true,"href":"https:\/\/laboratoriodeantropologiaaudiovisual.umh.es\/ca\/wp-json\/wp\/v2\/comments?post=57"}],"version-history":[{"count":0,"href":"https:\/\/laboratoriodeantropologiaaudiovisual.umh.es\/ca\/wp-json\/wp\/v2\/posts\/57\/revisions"}],"wp:attachment":[{"href":"https:\/\/laboratoriodeantropologiaaudiovisual.umh.es\/ca\/wp-json\/wp\/v2\/media?parent=57"}],"wp:term":[{"taxonomy":"category","embeddable":true,"href":"https:\/\/laboratoriodeantropologiaaudiovisual.umh.es\/ca\/wp-json\/wp\/v2\/categories?post=57"},{"taxonomy":"post_tag","embeddable":true,"href":"https:\/\/laboratoriodeantropologiaaudiovisual.umh.es\/ca\/wp-json\/wp\/v2\/tags?post=57"}],"curies":[{"name":"wp","href":"https:\/\/api.w.org\/{rel}","templated":true}]}}