{"id":161,"date":"2010-09-08T08:55:38","date_gmt":"2010-09-08T06:55:38","guid":{"rendered":"http:\/\/laboratoriodeantropologiaaudiovisual.zeus.umh.es\/?p=161"},"modified":"2010-09-08T08:55:38","modified_gmt":"2010-09-08T06:55:38","slug":"con-textos","status":"publish","type":"post","link":"https:\/\/laboratoriodeantropologiaaudiovisual.umh.es\/ca\/2010\/09\/08\/con-textos\/","title":{"rendered":"(CON) TEXTOS"},"content":{"rendered":"<p style=\"text-align: center\"><a href=\"https:\/\/laboratoriodeantropologiaaudiovisual.umh.es\/files\/2010\/09\/1.jpg\"><img loading=\"lazy\" class=\"alignnone size-medium wp-image-162\" src=\"https:\/\/laboratoriodeantropologiaaudiovisual.umh.es\/files\/2010\/09\/1-300x136.jpg\" alt=\"\" width=\"300\" height=\"136\" srcset=\"https:\/\/laboratoriodeantropologiaaudiovisual.umh.es\/files\/2010\/09\/1-300x136.jpg 300w, https:\/\/laboratoriodeantropologiaaudiovisual.umh.es\/files\/2010\/09\/1.jpg 320w\" sizes=\"(max-width: 300px) 100vw, 300px\" \/><\/a><\/p>\n<p><a href=\"http:\/\/www.con-textos.net\/es\">REVISTA DE ANTROPOLOGIA E INVESTIGACI\u00d3N SOCIAL<\/a><\/p>\n<p>(con)textos surge por iniciativa de doctorandos y doctorandas de antropolog\u00eda social y cultural vinculados a la Universitat de Barcelona. La publicaci\u00f3n nace con la intenci\u00f3n primera de dar a conocer los trabajos de investigaci\u00f3n que se est\u00e1n llevando a cabo en el marco de la etapa doctoral, adem\u00e1s de generar un espacio de debate, reflexi\u00f3n y formaci\u00f3n en el \u00e1mbito de la antropolog\u00eda social. Por ello, la difusi\u00f3n y discusi\u00f3n de investigaciones recientes y en curso se considera un objetivo prioritaria de la revista, con el que se persigue un intercambio fluido de experiencias te\u00f3ricas y pr\u00e1cticas.<\/p>\n<p>Se publican textos de an\u00e1lisis etnogr\u00e1fico y\/o de reflexi\u00f3n te\u00f3rica, as\u00ed como rese\u00f1as de publicaciones, tesis y tesinas del \u00e1mbito de la antropolog\u00eda social, y reflexiones derivadas de la experiencia etnogr\u00e1fica. Tambi\u00e9n se acogen trabajos procedentes de otras ciencias sociales y humanas que se acerquen a la antropolog\u00eda, ya sea tomando sus planteamientos te\u00f3ricos o adoptando enfoques etnogr\u00e1ficos.<\/p>\n","protected":false},"excerpt":{"rendered":"<p>REVISTA DE ANTROPOLOGIA E INVESTIGACI\u00d3N SOCIAL<br \/>\n(con)textos surge por iniciativa de doctorandos y doctorandas de antropolog\u00eda social y cultural vinculados a la Universitat de Barcelona. La publicaci\u00f3n nace con la intenci\u00f3n primera de dar a conocer los trabajos de investigaci\u00f3n que se est\u00e1n llevando a cabo en el marco de la etapa doctoral, adem\u00e1s de generar [&#8230;]<\/p>\n","protected":false},"author":642,"featured_media":0,"comment_status":"closed","ping_status":"open","sticky":false,"template":"","format":"standard","meta":{"_links_to":"","_links_to_target":""},"categories":[3305],"tags":[],"_links":{"self":[{"href":"https:\/\/laboratoriodeantropologiaaudiovisual.umh.es\/ca\/wp-json\/wp\/v2\/posts\/161"}],"collection":[{"href":"https:\/\/laboratoriodeantropologiaaudiovisual.umh.es\/ca\/wp-json\/wp\/v2\/posts"}],"about":[{"href":"https:\/\/laboratoriodeantropologiaaudiovisual.umh.es\/ca\/wp-json\/wp\/v2\/types\/post"}],"author":[{"embeddable":true,"href":"https:\/\/laboratoriodeantropologiaaudiovisual.umh.es\/ca\/wp-json\/wp\/v2\/users\/642"}],"replies":[{"embeddable":true,"href":"https:\/\/laboratoriodeantropologiaaudiovisual.umh.es\/ca\/wp-json\/wp\/v2\/comments?post=161"}],"version-history":[{"count":0,"href":"https:\/\/laboratoriodeantropologiaaudiovisual.umh.es\/ca\/wp-json\/wp\/v2\/posts\/161\/revisions"}],"wp:attachment":[{"href":"https:\/\/laboratoriodeantropologiaaudiovisual.umh.es\/ca\/wp-json\/wp\/v2\/media?parent=161"}],"wp:term":[{"taxonomy":"category","embeddable":true,"href":"https:\/\/laboratoriodeantropologiaaudiovisual.umh.es\/ca\/wp-json\/wp\/v2\/categories?post=161"},{"taxonomy":"post_tag","embeddable":true,"href":"https:\/\/laboratoriodeantropologiaaudiovisual.umh.es\/ca\/wp-json\/wp\/v2\/tags?post=161"}],"curies":[{"name":"wp","href":"https:\/\/api.w.org\/{rel}","templated":true}]}}