{"id":159,"date":"2010-08-24T12:36:32","date_gmt":"2010-08-24T10:36:32","guid":{"rendered":"http:\/\/laboratoriodeantropologiaaudiovisual.zeus.umh.es\/?p=159"},"modified":"2010-08-24T12:36:32","modified_gmt":"2010-08-24T10:36:32","slug":"la-busqueda-de-una-mirada-antropologia-visual-y-cine-etnografico","status":"publish","type":"post","link":"https:\/\/laboratoriodeantropologiaaudiovisual.umh.es\/ca\/2010\/08\/24\/la-busqueda-de-una-mirada-antropologia-visual-y-cine-etnografico\/","title":{"rendered":"La b\u00fasqueda de una mirada. Antropolog\u00eda visual y cine etnogr\u00e1fico"},"content":{"rendered":"<p style=\"text-align: center\"><a href=\"https:\/\/laboratoriodeantropologiaaudiovisual.umh.es\/files\/2010\/08\/la-busqueda-de-una-mirada-antropologia-visual-y-cine-etnografico-i0n640315.jpg\"><img loading=\"lazy\" class=\"alignnone size-medium wp-image-160\" src=\"https:\/\/laboratoriodeantropologiaaudiovisual.umh.es\/files\/2010\/08\/la-busqueda-de-una-mirada-antropologia-visual-y-cine-etnografico-i0n640315.jpg\" alt=\"\" width=\"135\" height=\"166\" \/><\/a><\/p>\n<p style=\"text-align: center\">Elisenda Ard\u00e8vol<br \/>\nEd. Uoc<br \/>\n366 p\u00e1ginas<br \/>\nISBN: 8497885287 ISBN-13: 9788497885287<\/p>\n<p>Esta obra es el resultado de una b\u00fasqueda personal sobre los l\u00edmites y el alcance de la antropolog\u00eda visual. Una reflexi\u00f3n abierta sobre la metodolog\u00eda y an\u00e1lisis del cine etnogr\u00e1fico y sobre la representaci\u00f3n audiovisual de la diversidad cultural. Un ensayo que indaga en los cruces entre cine y antropolog\u00eda, explorando los usos del cine como instrumento de investigaci\u00f3n, registro documental, modo de representaci\u00f3n y medio de comunicaci\u00f3n del conocimiento antropol\u00f3gico. Esta obra parte de la idea de que la mirada antropol\u00f3gica, la b\u00fasqueda de la comprensi\u00f3n de la diversidad y las semejanzas culturales, no puede prescindir de una antropolog\u00eda de la mirada, de entender la imagen como objeto de estudio leg\u00edtimo de la antropolog\u00eda y de acercarse a la comprensi\u00f3n del cine como proceso cultural y pr\u00e1ctica social, reclamando una mirada reflexiva en las im\u00e1genes que construimos sobre nuestra realidad social y cultural. La integraci\u00f3n de la imagen como objeto de estudio y como t\u00e9cnica de investigaci\u00f3n en antropolog\u00eda nos ofrecen un campo de experimentaci\u00f3n en el cual la pr\u00e1ctica y la teor\u00eda cinematogr\u00e1fica se entrelazan con la pr\u00e1ctica y la teor\u00eda antropol\u00f3gica en la b\u00fasqueda de una mirada; en una mirada que busca mirar. La representaci\u00f3n de la alteridad cultural, el estudio etnogr\u00e1fico de los procesos de producci\u00f3n y recepci\u00f3n de los productos audiovisuales, la construcci\u00f3n de una imagen antropol\u00f3gica, la comunicaci\u00f3n intercultural, las pr\u00e1cticas de representaci\u00f3n y el cine como acci\u00f3n social son algunos de los temas que se abordan en esta obra cuyo objetivo es acercar al lector y a la lectora a este campo de investigaci\u00f3n y compartir, desde el an\u00e1lisis de la pr\u00e1ctica, este di\u00e1logo abierto entre antrop\u00f3logos, soci\u00f3logos, cineastas, realizadores, artistas, te\u00f3ricos de la comunicaci\u00f3n y de la cultura visual, pensadores y pensadoras sobre la imagen y su lugar en la creaci\u00f3n de conocimiento.<\/p>\n","protected":false},"excerpt":{"rendered":"<p>Elisenda Ard\u00e8vol<br \/>\nEd. Uoc<br \/>\n366 p\u00e1ginas<br \/>\nISBN: 8497885287 ISBN-13: 9788497885287<br \/>\nEsta obra es el resultado de una b\u00fasqueda personal sobre los l\u00edmites y el alcance de la antropolog\u00eda visual. Una reflexi\u00f3n abierta sobre la metodolog\u00eda y an\u00e1lisis del cine etnogr\u00e1fico y sobre la representaci\u00f3n audiovisual de la diversidad cultural. Un ensayo que indaga en los cruces entre cine y [&#8230;]<\/p>\n","protected":false},"author":642,"featured_media":0,"comment_status":"closed","ping_status":"open","sticky":false,"template":"","format":"standard","meta":{"_links_to":"","_links_to_target":""},"categories":[3305],"tags":[],"_links":{"self":[{"href":"https:\/\/laboratoriodeantropologiaaudiovisual.umh.es\/ca\/wp-json\/wp\/v2\/posts\/159"}],"collection":[{"href":"https:\/\/laboratoriodeantropologiaaudiovisual.umh.es\/ca\/wp-json\/wp\/v2\/posts"}],"about":[{"href":"https:\/\/laboratoriodeantropologiaaudiovisual.umh.es\/ca\/wp-json\/wp\/v2\/types\/post"}],"author":[{"embeddable":true,"href":"https:\/\/laboratoriodeantropologiaaudiovisual.umh.es\/ca\/wp-json\/wp\/v2\/users\/642"}],"replies":[{"embeddable":true,"href":"https:\/\/laboratoriodeantropologiaaudiovisual.umh.es\/ca\/wp-json\/wp\/v2\/comments?post=159"}],"version-history":[{"count":0,"href":"https:\/\/laboratoriodeantropologiaaudiovisual.umh.es\/ca\/wp-json\/wp\/v2\/posts\/159\/revisions"}],"wp:attachment":[{"href":"https:\/\/laboratoriodeantropologiaaudiovisual.umh.es\/ca\/wp-json\/wp\/v2\/media?parent=159"}],"wp:term":[{"taxonomy":"category","embeddable":true,"href":"https:\/\/laboratoriodeantropologiaaudiovisual.umh.es\/ca\/wp-json\/wp\/v2\/categories?post=159"},{"taxonomy":"post_tag","embeddable":true,"href":"https:\/\/laboratoriodeantropologiaaudiovisual.umh.es\/ca\/wp-json\/wp\/v2\/tags?post=159"}],"curies":[{"name":"wp","href":"https:\/\/api.w.org\/{rel}","templated":true}]}}