{"id":147,"date":"2010-07-16T18:48:48","date_gmt":"2010-07-16T17:48:48","guid":{"rendered":"http:\/\/laboratoriodeantropologiaaudiovisual.zeus.umh.es\/2010\/07\/16\/147\/"},"modified":"2010-07-16T18:48:48","modified_gmt":"2010-07-16T17:48:48","slug":"147","status":"publish","type":"post","link":"https:\/\/laboratoriodeantropologiaaudiovisual.umh.es\/ca\/2010\/07\/16\/147\/","title":{"rendered":"Muestra Internacional de Musica y Audiovisuales Avanzadas"},"content":{"rendered":"<p>MIMAA y L\u2019Escorxador se incorporan al elenco de instituciones que apoyar\u00e1n la nueva edici\u00f3n de los Premios INVI promovidos por RTVE.es. Conscientes de la importancia de Internet en la evoluci\u00f3n y avance del sector audiovisual a trav\u00e9s de la p\u00e1gina mimma.es se ofrecer\u00e1 informaci\u00f3n sobre la nueva convocatoria de estos premios que el a\u00f1o pasado consigui\u00f3 reunir m\u00e1s de 150 proyectos audiovisuales pensados para la Red. La colaboraci\u00f3n con RTVE.es tiene como fin ofrecer mayor visibilidad a este tipo de convocatorias tan necesarias y escasas en nuestro entorno difundiendo los proyectos e informaci\u00f3n de inter\u00e9s referida a la innovaci\u00f3n audiovisual.<br \/>\nUna coproducci\u00f3n del CCCE L\u2019Escorxador y el colectivo Overflow.<br \/>\nwww.rtve.es\/premios-invi<br \/>\nwww.mimaa.es<br \/>\nEntrada libre. Lugar: L&#8217; Escorxador<\/p>\n<p>\u00a0<\/p>\n<p style=\"text-align: center\"><a href=\"https:\/\/laboratoriodeantropologiaaudiovisual.umh.es\/files\/2010\/07\/control20large.jpg\"><img loading=\"lazy\" class=\"alignnone size-medium wp-image-145\" src=\"https:\/\/laboratoriodeantropologiaaudiovisual.umh.es\/files\/2010\/07\/control20large-202x300.jpg\" alt=\"\" width=\"202\" height=\"300\" srcset=\"https:\/\/laboratoriodeantropologiaaudiovisual.umh.es\/files\/2010\/07\/control20large-202x300.jpg 202w, https:\/\/laboratoriodeantropologiaaudiovisual.umh.es\/files\/2010\/07\/control20large.jpg 338w\" sizes=\"(max-width: 202px) 100vw, 202px\" \/><\/a><\/p>\n<p style=\"text-align: center\">Mi\u00e9rcoles, 28 de julio, 21.30 h<br \/>\nInfluyentes vidas descontroladas<br \/>\n<strong>CONTROL<\/strong><br \/>\n2007, Anton Corbijn<br \/>\nCuenta la historia de Ian Curtis, el m\u00edtico l\u00edder de la banda de Manchester Joy Division. Una banda<br \/>\nque fuera la punta de lanza del movimiento musical que se originara en su ciudad a finales de los a\u00f1os setenta y principios de los ochenta. Tras la muerte de su l\u00edder, la banda evoluciona hacia una estilo menos punk y m\u00e1s electr\u00f3nico: New Order.<\/p>\n<p style=\"text-align: center\"><a href=\"https:\/\/laboratoriodeantropologiaaudiovisual.umh.es\/files\/2010\/07\/carretera_perdida.jpg\"><img loading=\"lazy\" class=\"alignnone size-medium wp-image-146\" src=\"https:\/\/laboratoriodeantropologiaaudiovisual.umh.es\/files\/2010\/07\/carretera_perdida-213x300.jpg\" alt=\"\" width=\"213\" height=\"300\" srcset=\"https:\/\/laboratoriodeantropologiaaudiovisual.umh.es\/files\/2010\/07\/carretera_perdida-213x300.jpg 213w, https:\/\/laboratoriodeantropologiaaudiovisual.umh.es\/files\/2010\/07\/carretera_perdida.jpg 250w\" sizes=\"(max-width: 213px) 100vw, 213px\" \/><\/a><\/p>\n<p style=\"text-align: center\">Mi\u00e9rcoles, 4 de agosto, 21.30 h<br \/>\nEn busca del jazz a trav\u00e9s de la electr\u00f3nica<br \/>\n<strong>CARRETERA PERDIDA<\/strong><br \/>\nLost Highway, 1997, David Lynch<br \/>\nEs un film cuya banda sonora est\u00e1 producida por Trent Reznor, incluye temas de David Bowie, Smashing Pumpkins, Marilyn Manson, Rammstein o Barry Adamson, adem\u00e1s de contar con una banda sonora original compuesta por Angelo Badalamenti, un m\u00edtico productor y compositor caracterizado por el uso de sintetizadores en clave de jazz.<\/p>\n","protected":false},"excerpt":{"rendered":"<p>MIMAA y L\u2019Escorxador se incorporan al elenco de instituciones que apoyar\u00e1n la nueva edici\u00f3n de los Premios INVI promovidos por RTVE.es. Conscientes de la importancia de Internet en la evoluci\u00f3n y avance del sector audiovisual a trav\u00e9s de la p\u00e1gina mimma.es se ofrecer\u00e1 informaci\u00f3n sobre la nueva convocatoria de estos premios que el a\u00f1o pasado [&#8230;]<\/p>\n","protected":false},"author":642,"featured_media":0,"comment_status":"closed","ping_status":"open","sticky":false,"template":"","format":"standard","meta":{"_links_to":"","_links_to_target":""},"categories":[3302],"tags":[],"_links":{"self":[{"href":"https:\/\/laboratoriodeantropologiaaudiovisual.umh.es\/ca\/wp-json\/wp\/v2\/posts\/147"}],"collection":[{"href":"https:\/\/laboratoriodeantropologiaaudiovisual.umh.es\/ca\/wp-json\/wp\/v2\/posts"}],"about":[{"href":"https:\/\/laboratoriodeantropologiaaudiovisual.umh.es\/ca\/wp-json\/wp\/v2\/types\/post"}],"author":[{"embeddable":true,"href":"https:\/\/laboratoriodeantropologiaaudiovisual.umh.es\/ca\/wp-json\/wp\/v2\/users\/642"}],"replies":[{"embeddable":true,"href":"https:\/\/laboratoriodeantropologiaaudiovisual.umh.es\/ca\/wp-json\/wp\/v2\/comments?post=147"}],"version-history":[{"count":0,"href":"https:\/\/laboratoriodeantropologiaaudiovisual.umh.es\/ca\/wp-json\/wp\/v2\/posts\/147\/revisions"}],"wp:attachment":[{"href":"https:\/\/laboratoriodeantropologiaaudiovisual.umh.es\/ca\/wp-json\/wp\/v2\/media?parent=147"}],"wp:term":[{"taxonomy":"category","embeddable":true,"href":"https:\/\/laboratoriodeantropologiaaudiovisual.umh.es\/ca\/wp-json\/wp\/v2\/categories?post=147"},{"taxonomy":"post_tag","embeddable":true,"href":"https:\/\/laboratoriodeantropologiaaudiovisual.umh.es\/ca\/wp-json\/wp\/v2\/tags?post=147"}],"curies":[{"name":"wp","href":"https:\/\/api.w.org\/{rel}","templated":true}]}}