{"id":118,"date":"2010-04-30T10:50:56","date_gmt":"2010-04-30T09:50:56","guid":{"rendered":"http:\/\/laboratoriodeantropologiaaudiovisual.zeus.umh.es\/?p=118"},"modified":"2010-04-30T10:50:56","modified_gmt":"2010-04-30T09:50:56","slug":"a-traves-de-sus-ojos-etnografia-visual-en-un-centro-educativo-de-la-periferia-urbana","status":"publish","type":"post","link":"https:\/\/laboratoriodeantropologiaaudiovisual.umh.es\/ca\/2010\/04\/30\/a-traves-de-sus-ojos-etnografia-visual-en-un-centro-educativo-de-la-periferia-urbana\/","title":{"rendered":"A trav\u00e9s de sus ojos. Etnograf\u00eda visual en un centro educativo de la periferia urbana"},"content":{"rendered":"<p><strong>Autor<\/strong>:\u00a0 Paula Gonz\u00e1lez Granados.Dep. d\u2019Antropologia, Filosofia i Treball Social (URV, Tarragona).<br \/>\n<strong>Publicaci\u00f3n<\/strong>: Revista Periferia N\u00ba 9. Diciembre 2008.<\/p>\n<p><strong>Resumen<\/strong>:<br \/>\nLa fotograf\u00eda, como herramienta metodol\u00f3gica, permite trabajar en colaboraci\u00f3n con los informantes, en un proceso de construcci\u00f3n y deconstrucci\u00f3n de significados y una b\u00fasqueda conjunta de maneras de representaci\u00f3n a trav\u00e9s de la misma.<br \/>\nPartiendo de la convicci\u00f3n de que la fotograf\u00eda es una herramienta de comunicaci\u00f3n, a trav\u00e9s del cual nos representamos socialmente, sugiero llevar a cabo una metodolog\u00eda en que los informantes tomen las c\u00e1maras de fotos y, compartiendo un proceso de trabajo con la investigadora, vayan extrayendo aquellos momentos o lugares que les parecen m\u00e1s significativos de su vida y de su entorno. Esta ha sido la metodolog\u00eda utilizada en el campo de investigaci\u00f3n, una Unidad de Escolarizaci\u00f3n Compartida, recurso educativo dirigido a j\u00f3venes expulsados de sus centros educativos de referencia. Este centro se sit\u00faa en un barrio perif\u00e9rico de la ciudad de Tarragona, construido a ra\u00edz del impulso de la<br \/>\nindustria petroqu\u00edmica.<\/p>\n<p>\u00a0Ver art\u00edculo completo: \u00a0<a href=\"https:\/\/laboratoriodeantropologiaaudiovisual.umh.es\/files\/2010\/04\/a-traves-de-sus-ojos-etnografia-visual-en-un-centro-educativo-de-la-periferia-urbana.pdf\">A traves de sus ojos.<\/a><\/p>\n","protected":false},"excerpt":{"rendered":"<p>Autor:\u00a0 Paula Gonz\u00e1lez Granados.Dep. d\u2019Antropologia, Filosofia i Treball Social (URV, Tarragona).<br \/>\nPublicaci\u00f3n: Revista Periferia N\u00ba 9. Diciembre 2008.<br \/>\nResumen:<br \/>\nLa fotograf\u00eda, como herramienta metodol\u00f3gica, permite trabajar en colaboraci\u00f3n con los informantes, en un proceso de construcci\u00f3n y deconstrucci\u00f3n de significados y una b\u00fasqueda conjunta de maneras de representaci\u00f3n a trav\u00e9s de la misma.<br \/>\nPartiendo de la convicci\u00f3n de que [&#8230;]<\/p>\n","protected":false},"author":642,"featured_media":0,"comment_status":"closed","ping_status":"open","sticky":false,"template":"","format":"standard","meta":{"_links_to":"","_links_to_target":""},"categories":[92],"tags":[],"_links":{"self":[{"href":"https:\/\/laboratoriodeantropologiaaudiovisual.umh.es\/ca\/wp-json\/wp\/v2\/posts\/118"}],"collection":[{"href":"https:\/\/laboratoriodeantropologiaaudiovisual.umh.es\/ca\/wp-json\/wp\/v2\/posts"}],"about":[{"href":"https:\/\/laboratoriodeantropologiaaudiovisual.umh.es\/ca\/wp-json\/wp\/v2\/types\/post"}],"author":[{"embeddable":true,"href":"https:\/\/laboratoriodeantropologiaaudiovisual.umh.es\/ca\/wp-json\/wp\/v2\/users\/642"}],"replies":[{"embeddable":true,"href":"https:\/\/laboratoriodeantropologiaaudiovisual.umh.es\/ca\/wp-json\/wp\/v2\/comments?post=118"}],"version-history":[{"count":0,"href":"https:\/\/laboratoriodeantropologiaaudiovisual.umh.es\/ca\/wp-json\/wp\/v2\/posts\/118\/revisions"}],"wp:attachment":[{"href":"https:\/\/laboratoriodeantropologiaaudiovisual.umh.es\/ca\/wp-json\/wp\/v2\/media?parent=118"}],"wp:term":[{"taxonomy":"category","embeddable":true,"href":"https:\/\/laboratoriodeantropologiaaudiovisual.umh.es\/ca\/wp-json\/wp\/v2\/categories?post=118"},{"taxonomy":"post_tag","embeddable":true,"href":"https:\/\/laboratoriodeantropologiaaudiovisual.umh.es\/ca\/wp-json\/wp\/v2\/tags?post=118"}],"curies":[{"name":"wp","href":"https:\/\/api.w.org\/{rel}","templated":true}]}}