{"id":110,"date":"2010-04-20T10:26:34","date_gmt":"2010-04-20T09:26:34","guid":{"rendered":"http:\/\/laboratoriodeantropologiaaudiovisual.zeus.umh.es\/?p=110"},"modified":"2010-04-20T10:26:34","modified_gmt":"2010-04-20T09:26:34","slug":"sin-nombre-2009","status":"publish","type":"post","link":"https:\/\/laboratoriodeantropologiaaudiovisual.umh.es\/ca\/2010\/04\/20\/sin-nombre-2009\/","title":{"rendered":"Sin Nombre 2009"},"content":{"rendered":"<p style=\"text-align: center\"><strong><img loading=\"lazy\" class=\"size-medium wp-image-111  aligncenter\" src=\"https:\/\/laboratoriodeantropologiaaudiovisual.umh.es\/files\/2010\/04\/sin-nombre-858329.jpg\" alt=\"\" width=\"140\" height=\"201\" \/><br \/>\n<a href=\"http:\/\/www.youtube.com\/watch?v=T88cNx_8Dcc&amp;feature=related\">Ver pelicula Parte 1<\/a><br \/>\n<a href=\"http:\/\/www.youtube.com\/watch?v=5qUZKiTGBz8&amp;NR=1\">Ver pelicula Parte 2<\/a><br \/>\n<a href=\"http:\/\/www.youtube.com\/watch?v=Ud_BnJzU8eM&amp;feature=related\">Ver pelicula Parte 3<\/a><br \/>\n<a href=\"http:\/\/www.youtube.com\/watch?v=EvkeLzhsAXg&amp;feature=related\">Ver pelicula parte 4<\/a><br \/>\n<a href=\"http:\/\/www.youtube.com\/watch?v=DVKBngWfSy8&amp;feature=related\">Ver pelicula parte 5<br \/>\nver pelicula Parte 6<\/a><br \/>\n<a href=\"http:\/\/www.youtube.com\/watch?v=YCqAVSiXqaA&amp;feature=related\">Ver pelicula Parte 7<\/a><br \/>\n<\/strong><strong><a href=\"http:\/\/www.youtube.com\/watch?v=PBay_Beh_qM&amp;feature=related\">Ver pelicula Parte 8<\/a><br \/>\n<a href=\"http:\/\/www.youtube.com\/watch?v=jVk7CC0vvHw&amp;feature=related\">Ver pelicula Parte 9<\/a><br \/>\n<a href=\"http:\/\/www.youtube.com\/watch?v=vHpukTxlweE&amp;feature=related\">Ver pelicula parte 10<\/a><\/p>\n<p>T\u00edtulo<\/strong>: Sin nombreT\u00edtulo<br \/>\n<strong>Direcci\u00f3n<\/strong>: Cary Joji Fukunaga<br \/>\n<strong>Pa\u00eds<\/strong>: Estados Unidos, M\u00e9xico<br \/>\n<strong>A\u00f1o<\/strong>: 2009<br \/>\n<strong>Fecha de estreno<\/strong>: 30\/10\/2009<br \/>\n<strong>Duraci\u00f3n<\/strong>: 96 min.<br \/>\n<strong>G\u00e9nero<\/strong>: Criminal, Drama, Thriller, Aventuras<br \/>\n<strong>Reparto<\/strong>: Marco Antonio Aguirre, Leonardo Alonso, Karla Cecilia Alvarado, Juan Pablo Arias Barr\u00f3n, Rosalba Bel\u00e9n Barr\u00f3n, Felipe Castro, Rosalba Quintana Cruz, Marcela Feregrino, Kristian Ferrer, Edgar Flores<br \/>\n<strong>Distribuidora<\/strong>: Universal Pictures<br \/>\n<strong>Productora<\/strong>: Canana Films, Creando Films, Primary Productions<\/p>\n<p>Ganadora del Premio a la Mejor Direcci\u00f3n y a la Excelencia en Fotograf\u00eda en el Festival de Sundance 2009, es un thriller dram\u00e1tico dirigido por el realizador novel Cary Joji Fukunaga, premiado por la Academia de Cine Universitaria. Esta pel\u00edcula de habla hispana est\u00e1 basada en la experiencia personal del director con inmigrantes centroamericanos que buscan la tierra prometida, Estados Unidos.<\/p>\n<p>SIN NOMBRE cuenta la historia de Sayra (Paulina Gait\u00e1n), una adolescente hondure\u00f1a que sue\u00f1a con un futuro mejor. Al reunirse con su padre, al que no ve\u00eda desde hac\u00eda mucho, Sayra tiene una opci\u00f3n: puede ir con su padre y su t\u00edo a M\u00e9xico, y de all\u00ed, a Estados Unidos, donde su padre tiene una nueva familia.<\/p>\n<p>Por otro lado, Casper, al que tambi\u00e9n llaman Willy (Edgar Flores), es un adolescente de Tapachula, M\u00e9xico, con un futuro m\u00e1s que incierto. Forma parte de la banda Mara Salvatrucha y acaba de llevar un nuevo recluta a sus hermanos, El Smiley (Kristyan Ferrer), de doce a\u00f1os, al que hacen pasar por una brutal iniciaci\u00f3n.<\/p>\n<p>El Smiley no parece tener problemas en adaptarse a la vida de la banda. Casper intenta proteger la relaci\u00f3n con su chica, Martha Marlene (Diana Garc\u00eda), escondi\u00e9ndola de los Mara. Pero cuando Martha conoce a Lil\u2019 Mago (Tenoch Huerta Mej\u00eda), el l\u00edder de los Mara en Tapachula, es brutalmente arrebatada de Casper para siempre.<\/p>\n<p>Sayra y su familia se unen a otros emigrantes en la estaci\u00f3n ferroviaria de mercanc\u00edas de Tapachula. Esperan que pase un tren de mercanc\u00edas con destino a Estados Unidos para subirse encima de los vagones. Pero lo mismo hace Lil\u2019 Mago, que ha mandado a Casper y a El Smiley a atracar a los emigrantes.<\/p>\n<p>Al alba, Lil\u2019 Mago descubre sus cartas y Casper toma una decisi\u00f3n que cambiar\u00e1 su vida. Deber\u00e1 navegar entre las ense\u00f1anzas de su violenta vida y la venganza de los Mara, pero encontrar\u00e1 una aliada inesperada en la valiente Sayra, que se unir\u00e1 a \u00e9l mientras el tren cruza el campo mexicano, camino de una nueva esperanza.<\/p>\n","protected":false},"excerpt":{"rendered":"<p>Ver pelicula Parte 1<br \/>\nVer pelicula Parte 2<br \/>\nVer pelicula Parte 3<br \/>\nVer pelicula parte 4<br \/>\nVer pelicula parte 5<br \/>\nver pelicula Parte 6<br \/>\nVer pelicula Parte 7<br \/>\nVer pelicula Parte 8<br \/>\nVer pelicula Parte 9<br \/>\nVer pelicula parte 10<br \/>\nT\u00edtulo: Sin nombreT\u00edtulo<br \/>\nDirecci\u00f3n: Cary Joji Fukunaga<br \/>\nPa\u00eds: Estados Unidos, M\u00e9xico<br \/>\nA\u00f1o: 2009<br \/>\nFecha de estreno: 30\/10\/2009<br \/>\nDuraci\u00f3n: 96 min.<br \/>\nG\u00e9nero: Criminal, Drama, Thriller, Aventuras<br \/>\nReparto: Marco Antonio Aguirre, Leonardo Alonso, Karla [&#8230;]<\/p>\n","protected":false},"author":642,"featured_media":0,"comment_status":"closed","ping_status":"open","sticky":false,"template":"","format":"standard","meta":{"_links_to":"","_links_to_target":""},"categories":[3301],"tags":[3309,3342],"_links":{"self":[{"href":"https:\/\/laboratoriodeantropologiaaudiovisual.umh.es\/ca\/wp-json\/wp\/v2\/posts\/110"}],"collection":[{"href":"https:\/\/laboratoriodeantropologiaaudiovisual.umh.es\/ca\/wp-json\/wp\/v2\/posts"}],"about":[{"href":"https:\/\/laboratoriodeantropologiaaudiovisual.umh.es\/ca\/wp-json\/wp\/v2\/types\/post"}],"author":[{"embeddable":true,"href":"https:\/\/laboratoriodeantropologiaaudiovisual.umh.es\/ca\/wp-json\/wp\/v2\/users\/642"}],"replies":[{"embeddable":true,"href":"https:\/\/laboratoriodeantropologiaaudiovisual.umh.es\/ca\/wp-json\/wp\/v2\/comments?post=110"}],"version-history":[{"count":0,"href":"https:\/\/laboratoriodeantropologiaaudiovisual.umh.es\/ca\/wp-json\/wp\/v2\/posts\/110\/revisions"}],"wp:attachment":[{"href":"https:\/\/laboratoriodeantropologiaaudiovisual.umh.es\/ca\/wp-json\/wp\/v2\/media?parent=110"}],"wp:term":[{"taxonomy":"category","embeddable":true,"href":"https:\/\/laboratoriodeantropologiaaudiovisual.umh.es\/ca\/wp-json\/wp\/v2\/categories?post=110"},{"taxonomy":"post_tag","embeddable":true,"href":"https:\/\/laboratoriodeantropologiaaudiovisual.umh.es\/ca\/wp-json\/wp\/v2\/tags?post=110"}],"curies":[{"name":"wp","href":"https:\/\/api.w.org\/{rel}","templated":true}]}}