{"id":107,"date":"2010-03-30T17:11:11","date_gmt":"2010-03-30T16:11:11","guid":{"rendered":"http:\/\/laboratoriodeantropologiaaudiovisual.zeus.umh.es\/?p=107"},"modified":"2010-03-30T17:11:11","modified_gmt":"2010-03-30T16:11:11","slug":"los-limites-del-conocimiento-la-entrevista-filmica","status":"publish","type":"post","link":"https:\/\/laboratoriodeantropologiaaudiovisual.umh.es\/ca\/2010\/03\/30\/los-limites-del-conocimiento-la-entrevista-filmica\/","title":{"rendered":"Los l\u00edmites del conocimiento: la entrevista f\u00edlmica."},"content":{"rendered":"<p>Autora: Dra. Carmen Guarini. Investigadora CONICET; Docente Universidad de Buenos Aires; Cineasta.<\/p>\n<p>La entrevista como herramienta de investigaci\u00f3n ha sido en las ciencias sociales el veh\u00edculo \u201cnatural\u201d para lograr que las personas pudieran expresar sus saberes, creencias, emociones. Utilizada con el fin de obtener informaci\u00f3n en campo acerca de la vida del otro, la entrevista es un tipo de relaci\u00f3n social que se basa en un intercambio discursivo entre entrevistador-entrevistado. En este art\u00edculo intentar\u00e9 analizar algunos aspectos vinculados a la entrevista explorando su car\u00e1cter performativo y en particular cuando esta se lleva a cabo por medios f\u00edlmicos.<\/p>\n<p>e-mail: carmenguarini@cineojo.com.ar, cguarini@filo.uba.ar<\/p>\n<p><a href=\"http:\/\/www.antropologiavisual.cl\/guarini.htm#Layer2\">Ver art\u00edculo completo.<\/a><\/p>\n","protected":false},"excerpt":{"rendered":"<p>Autora: Dra. Carmen Guarini. Investigadora CONICET; Docente Universidad de Buenos Aires; Cineasta.<br \/>\nLa entrevista como herramienta de investigaci\u00f3n ha sido en las ciencias sociales el veh\u00edculo \u201cnatural\u201d para lograr que las personas pudieran expresar sus saberes, creencias, emociones. Utilizada con el fin de obtener informaci\u00f3n en campo acerca de la vida del otro, la entrevista es [&#8230;]<\/p>\n","protected":false},"author":642,"featured_media":0,"comment_status":"closed","ping_status":"open","sticky":false,"template":"","format":"standard","meta":{"_links_to":"","_links_to_target":""},"categories":[92],"tags":[],"_links":{"self":[{"href":"https:\/\/laboratoriodeantropologiaaudiovisual.umh.es\/ca\/wp-json\/wp\/v2\/posts\/107"}],"collection":[{"href":"https:\/\/laboratoriodeantropologiaaudiovisual.umh.es\/ca\/wp-json\/wp\/v2\/posts"}],"about":[{"href":"https:\/\/laboratoriodeantropologiaaudiovisual.umh.es\/ca\/wp-json\/wp\/v2\/types\/post"}],"author":[{"embeddable":true,"href":"https:\/\/laboratoriodeantropologiaaudiovisual.umh.es\/ca\/wp-json\/wp\/v2\/users\/642"}],"replies":[{"embeddable":true,"href":"https:\/\/laboratoriodeantropologiaaudiovisual.umh.es\/ca\/wp-json\/wp\/v2\/comments?post=107"}],"version-history":[{"count":0,"href":"https:\/\/laboratoriodeantropologiaaudiovisual.umh.es\/ca\/wp-json\/wp\/v2\/posts\/107\/revisions"}],"wp:attachment":[{"href":"https:\/\/laboratoriodeantropologiaaudiovisual.umh.es\/ca\/wp-json\/wp\/v2\/media?parent=107"}],"wp:term":[{"taxonomy":"category","embeddable":true,"href":"https:\/\/laboratoriodeantropologiaaudiovisual.umh.es\/ca\/wp-json\/wp\/v2\/categories?post=107"},{"taxonomy":"post_tag","embeddable":true,"href":"https:\/\/laboratoriodeantropologiaaudiovisual.umh.es\/ca\/wp-json\/wp\/v2\/tags?post=107"}],"curies":[{"name":"wp","href":"https:\/\/api.w.org\/{rel}","templated":true}]}}